{"id":98512,"date":"2025-02-04T05:00:00","date_gmt":"2025-02-04T08:00:00","guid":{"rendered":"https:\/\/tvc16.com\/portal\/?p=98512"},"modified":"2025-02-03T16:19:30","modified_gmt":"2025-02-03T19:19:30","slug":"o-museu-imperial-anuncia-avancos-para-a-retomada-do-espetaculo-som-e-luz","status":"publish","type":"post","link":"https:\/\/tvc16.com\/portal\/2025\/02\/04\/o-museu-imperial-anuncia-avancos-para-a-retomada-do-espetaculo-som-e-luz\/","title":{"rendered":"O Museu Imperial anuncia avan\u00e7os para a retomada do espet\u00e1culo\u00a0Som e Luz"},"content":{"rendered":"\n<p>A moderniza\u00e7\u00e3o do\u00a0<em>Som e Luz<\/em>\u00a0est\u00e1 sendo viabilizada gra\u00e7as ao apoio do Governo do Estado do Rio de Janeiro, por meio da Secretaria de Cultura e Economia Criativa, da Prefeitura de Petr\u00f3polis, atrav\u00e9s do Instituto Municipal de Cultura, e da Enel Brasil, que destinou um aporte de um milh\u00e3o e setecentos mil reais (R$ 1,7 milh\u00e3o) para o projeto. Al\u00e9m de recursos das empresas apoiadoras: UNIPAR, Ambev, GE-Celma e Carl Zeiss.<br><br>O empenho do prefeito de Petr\u00f3polis, Hingo Hammes, tamb\u00e9m foi fundamental para garantir os investimentos necess\u00e1rios, destacando a import\u00e2ncia do espet\u00e1culo para a economia local, especialmente para os setores de hotelaria, gastronomia e servi\u00e7os.<\/p>\n\n\n\n<p>Suspenso desde o per\u00edodo da pandemia, o espet\u00e1culo est\u00e1 em processo de moderniza\u00e7\u00e3o para retornar com equipamentos novos de sonoriza\u00e7\u00e3o, ilumina\u00e7\u00e3o, proje\u00e7\u00e3o e automa\u00e7\u00e3o. A previs\u00e3o \u00e9 que o p\u00fablico possa vivenciar essa experi\u00eancia j\u00e1 no segundo semestre de 2025, a depender da libera\u00e7\u00e3o de recursos, da aquisi\u00e7\u00e3o e importa\u00e7\u00e3o dos equipamentos, bem como da instala\u00e7\u00e3o completa do novo Sistema.<br>&nbsp;<\/p>\n\n\n\n<p><strong>Hist\u00f3rico do Espet\u00e1culo<\/strong>&nbsp;<\/p>\n\n\n\n<p>Inaugurado em 2002, o Som e Luz transportava o p\u00fablico para o s\u00e9culo XIX, proporcionando uma imers\u00e3o na hist\u00f3ria do Brasil e do Segundo Reinado. No seu formato original, a experi\u00eancia era iniciada com os visitantes &#8220;subindo a Serra&#8221; de carruagem, como fazia a fam\u00edlia imperial. Conduzidos pelos jardins do museu com a narra\u00e7\u00e3o de Paulo Autran, os espectadores eram surpreendidos ao ver a fachada do pal\u00e1cio se iluminar gradualmente, revelando seus belos detalhes arquitet\u00f4nicos. Em seguida, um filme em 35 mm, com proje\u00e7\u00f5es em uma cortina d\u2019\u00e1gua e no pr\u00f3prio pal\u00e1cio, recriava momentos marcantes da hist\u00f3ria brasileira. O roteiro partia do &#8220;Baile das Princesas\u201d, evento em que Isabel e Leopoldina teriam conhecido seus futuros maridos, e percorria os principais acontecimentos pol\u00edticos, sociais e econ\u00f4micos do per\u00edodo.&nbsp;&nbsp;<\/p>\n\n\n\n<p>Desde sua estreia at\u00e9 o final de 2019, o espet\u00e1culo atraiu 415.688 espectadores, demonstrando seu impacto cultural e consolidando-se como uma refer\u00eancia importante, proporcionando uma experi\u00eancia de aprendizado e imers\u00e3o.&nbsp;<\/p>\n\n\n\n<p><strong>Expectativas para o Futuro<\/strong>&nbsp;<\/p>\n\n\n\n<p>Vinte e tr\u00eas anos ap\u00f3s sua estreia, o espet\u00e1culo&nbsp;<em>Som e Luz<\/em>&nbsp;inicia um processo de renova\u00e7\u00e3o com o objetivo de garantir sua continuidade de forma ainda mais significativa. A atualiza\u00e7\u00e3o busca preservar sua ess\u00eancia e, ao mesmo tempo, introduzir inova\u00e7\u00f5es que aprimorem a experi\u00eancia do p\u00fablico. O objetivo \u00e9 reconquistar aqueles que j\u00e1 vivenciaram essa experi\u00eancia e que, h\u00e1 tanto tempo, solicitam o retorno do espet\u00e1culo do p\u00fablico, bem como atrair novos espectadores.&nbsp;<\/p>\n\n\n\n<p>Este projeto de renova\u00e7\u00e3o refor\u00e7a a import\u00e2ncia cultural do espet\u00e1culo tanto para o Museu Imperial quanto para o Instituto Brasileiro de Museus, promovendo a diversifica\u00e7\u00e3o e a qualidade dos atrativos culturais e museol\u00f3gicos para a sociedade. Al\u00e9m disso, ressalta o importante papel do Museu Imperial na cidade de Petr\u00f3polis.\u00a0<br><br>O\u00a0<em>Som e Luz<\/em>\u00a0sempre foi um dos principais atrativos culturais da regi\u00e3o e, com as melhorias, espera-se ampliar ainda mais sua contribui\u00e7\u00e3o para a economia local, valorizando a hist\u00f3ria e a cultura nacional, ao mesmo tempo em que apoia o turismo e a economia da cidade.<br><br>\u00a0Foto: divulga\u00e7\u00e3o <\/p>\n","protected":false},"excerpt":{"rendered":"<p>A moderniza\u00e7\u00e3o do\u00a0Som e Luz\u00a0est\u00e1 sendo viabilizada gra\u00e7as ao apoio do Governo do Estado do<\/p>\n","protected":false},"author":2,"featured_media":98513,"comment_status":"open","ping_status":"open","sticky":false,"template":"","format":"standard","meta":{"footnotes":""},"categories":[12],"tags":[],"class_list":["post-98512","post","type-post","status-publish","format-standard","has-post-thumbnail","hentry","category-cidade"],"_links":{"self":[{"href":"https:\/\/tvc16.com\/portal\/wp-json\/wp\/v2\/posts\/98512","targetHints":{"allow":["GET"]}}],"collection":[{"href":"https:\/\/tvc16.com\/portal\/wp-json\/wp\/v2\/posts"}],"about":[{"href":"https:\/\/tvc16.com\/portal\/wp-json\/wp\/v2\/types\/post"}],"author":[{"embeddable":true,"href":"https:\/\/tvc16.com\/portal\/wp-json\/wp\/v2\/users\/2"}],"replies":[{"embeddable":true,"href":"https:\/\/tvc16.com\/portal\/wp-json\/wp\/v2\/comments?post=98512"}],"version-history":[{"count":1,"href":"https:\/\/tvc16.com\/portal\/wp-json\/wp\/v2\/posts\/98512\/revisions"}],"predecessor-version":[{"id":98514,"href":"https:\/\/tvc16.com\/portal\/wp-json\/wp\/v2\/posts\/98512\/revisions\/98514"}],"wp:featuredmedia":[{"embeddable":true,"href":"https:\/\/tvc16.com\/portal\/wp-json\/wp\/v2\/media\/98513"}],"wp:attachment":[{"href":"https:\/\/tvc16.com\/portal\/wp-json\/wp\/v2\/media?parent=98512"}],"wp:term":[{"taxonomy":"category","embeddable":true,"href":"https:\/\/tvc16.com\/portal\/wp-json\/wp\/v2\/categories?post=98512"},{"taxonomy":"post_tag","embeddable":true,"href":"https:\/\/tvc16.com\/portal\/wp-json\/wp\/v2\/tags?post=98512"}],"curies":[{"name":"wp","href":"https:\/\/api.w.org\/{rel}","templated":true}]}}