{"id":98515,"date":"2025-02-04T05:00:00","date_gmt":"2025-02-04T08:00:00","guid":{"rendered":"https:\/\/tvc16.com\/portal\/?p=98515"},"modified":"2025-02-03T16:21:17","modified_gmt":"2025-02-03T19:21:17","slug":"vem-ai-deguste-verao","status":"publish","type":"post","link":"https:\/\/tvc16.com\/portal\/2025\/02\/04\/vem-ai-deguste-verao\/","title":{"rendered":"Vem a\u00ed: Deguste Ver\u00e3o"},"content":{"rendered":"\n<p>Janeiro acabou e \u00e9 hora de se programar para a 96\u00aa edi\u00e7\u00e3o da Deguste que vai ocorrer nos dias 7 e 8 de fevereiro e ter\u00e1 tem\u00e1tica: ver\u00e3o. Uma super produ\u00e7\u00e3o, programa\u00e7\u00e3o ecl\u00e9tica e, claro, as novidades das cervejarias artesanais e da boa gastronomia em um ambiente seguro e envolvente.<\/p>\n\n\n\n<p>\u201cEstamos no esquenta para o Carnaval e para a 100\u00aa edi\u00e7\u00e3o da Deguste, Por isso, a edi\u00e7\u00e3o de fevereiro \u00e9 muito especial. Estamos preparando uma feira inesquec\u00edvel e esperamos todos nesses dois dias de evento. O destaque desta edi\u00e7\u00e3o ficar\u00e1 por conta da participa\u00e7\u00e3o especial da Escola Imp\u00e9rio Serrano, no dia 8\u201d, afirmou o idealizador da Deguste, Rodrigo Duarte.<\/p>\n\n\n\n<p>Al\u00e9m de apresenta\u00e7\u00f5es musicais diferenciadas, a Deguste Ver\u00e3o incentiva os stands participantes a criar drinks diferentes e oferecer, tamb\u00e9m, deliciosos petiscos, para todos os gostos.<\/p>\n\n\n\n<p>\u201c\u00c1rea kids e brincadeiras da produ\u00e7\u00e3o n\u00e3o faltar\u00e3o. Temos um compromisso com o nosso p\u00fablico de mostrar novidades e refor\u00e7ar nosso ambiente acolhedor e agrad\u00e1vel e, por isso, a Deguste Ver\u00e3o, promete\u201d, afirma a produtora da Deguste, Gabrielle Rosendo.<\/p>\n\n\n\n<p>Todas as novidades da programa\u00e7\u00e3o, bem como os shows, ser\u00e3o divulgados nos pr\u00f3ximos dias tamb\u00e9m no&nbsp;<a rel=\"noreferrer noopener\" target=\"_blank\" href=\"https:\/\/na01.safelinks.protection.outlook.com\/?url=https%3A%2F%2Fwww.instagram.com%2Ffeiradeguste%3Figsh%3DMWRmdmVnOHhpOTJ0eA%3D%3D&amp;data=05%7C02%7C%7Cb19d49412de3493db83408dd44853a98%7C84df9e7fe9f640afb435aaaaaaaaaaaa%7C1%7C0%7C638742061245578829%7CUnknown%7CTWFpbGZsb3d8eyJFbXB0eU1hcGkiOnRydWUsIlYiOiIwLjAuMDAwMCIsIlAiOiJXaW4zMiIsIkFOIjoiTWFpbCIsIldUIjoyfQ%3D%3D%7C0%7C%7C%7C&amp;sdata=GeTDriQBrMjhPcEqGSmGVefxGja7Ldza5%2F4o23DvIZw%3D&amp;reserved=0\">Instagram oficial.<\/a><\/p>\n\n\n\n<p>A Deguste tem como apoio: AMP, Instituto Vida Ativa, TurisRio, Secretaria de Turismo; Incentivo: Funarj; Apoio Institucional: Secretaria de Cultura e Economia Criativa, Governo do Estado do Rio de Janeiro e Prefeitura de Petr\u00f3polis.<\/p>\n\n\n\n<p>Foto: divulga\u00e7\u00e3o<\/p>\n","protected":false},"excerpt":{"rendered":"<p>Janeiro acabou e \u00e9 hora de se programar para a 96\u00aa edi\u00e7\u00e3o da Deguste que<\/p>\n","protected":false},"author":2,"featured_media":98516,"comment_status":"open","ping_status":"open","sticky":false,"template":"","format":"standard","meta":{"footnotes":""},"categories":[12],"tags":[],"class_list":["post-98515","post","type-post","status-publish","format-standard","has-post-thumbnail","hentry","category-cidade"],"_links":{"self":[{"href":"https:\/\/tvc16.com\/portal\/wp-json\/wp\/v2\/posts\/98515","targetHints":{"allow":["GET"]}}],"collection":[{"href":"https:\/\/tvc16.com\/portal\/wp-json\/wp\/v2\/posts"}],"about":[{"href":"https:\/\/tvc16.com\/portal\/wp-json\/wp\/v2\/types\/post"}],"author":[{"embeddable":true,"href":"https:\/\/tvc16.com\/portal\/wp-json\/wp\/v2\/users\/2"}],"replies":[{"embeddable":true,"href":"https:\/\/tvc16.com\/portal\/wp-json\/wp\/v2\/comments?post=98515"}],"version-history":[{"count":1,"href":"https:\/\/tvc16.com\/portal\/wp-json\/wp\/v2\/posts\/98515\/revisions"}],"predecessor-version":[{"id":98517,"href":"https:\/\/tvc16.com\/portal\/wp-json\/wp\/v2\/posts\/98515\/revisions\/98517"}],"wp:featuredmedia":[{"embeddable":true,"href":"https:\/\/tvc16.com\/portal\/wp-json\/wp\/v2\/media\/98516"}],"wp:attachment":[{"href":"https:\/\/tvc16.com\/portal\/wp-json\/wp\/v2\/media?parent=98515"}],"wp:term":[{"taxonomy":"category","embeddable":true,"href":"https:\/\/tvc16.com\/portal\/wp-json\/wp\/v2\/categories?post=98515"},{"taxonomy":"post_tag","embeddable":true,"href":"https:\/\/tvc16.com\/portal\/wp-json\/wp\/v2\/tags?post=98515"}],"curies":[{"name":"wp","href":"https:\/\/api.w.org\/{rel}","templated":true}]}}