{"id":98528,"date":"2025-02-04T09:39:16","date_gmt":"2025-02-04T12:39:16","guid":{"rendered":"https:\/\/tvc16.com\/portal\/?p=98528"},"modified":"2025-02-04T09:39:19","modified_gmt":"2025-02-04T12:39:19","slug":"tse-ja-prepara-eleicoes-presidenciais-de-2026-diz-carmen-lucia","status":"publish","type":"post","link":"https:\/\/tvc16.com\/portal\/2025\/02\/04\/tse-ja-prepara-eleicoes-presidenciais-de-2026-diz-carmen-lucia\/","title":{"rendered":"TSE j\u00e1 prepara elei\u00e7\u00f5es presidenciais de 2026, diz C\u00e1rmen L\u00facia"},"content":{"rendered":"\n<p><em>Presidente do Tribunal tamb\u00e9m voltou a defender a democracia no pa\u00eds<\/em><\/p>\n\n\n\n<p>Por Andr\u00e9 Richter &#8211; Rep\u00f3rter da Ag\u00eancia Brasil\u200b \/ Foto: TSE<\/p>\n\n\n\n<p><\/p>\n\n\n\n<p>A presidente do Tribunal Superior Eleitoral (TSE), ministra C\u00e1rmen L\u00facia, disse nesta segunda-feira (3) que a Justi\u00e7a Eleitoral j\u00e1 come\u00e7ou os preparativos para as elei\u00e7\u00f5es presidenciais de 2026.<img decoding=\"async\" src=\"https:\/\/agenciabrasil.ebc.com.br\/ebc.png?id=1628987&amp;o=node\"><img decoding=\"async\" src=\"https:\/\/agenciabrasil.ebc.com.br\/ebc.gif?id=1628987&amp;o=node\"><\/p>\n\n\n\n<p>As declara\u00e7\u00f5es da ministra foram feitas durante a sess\u00e3o solene de abertura dos trabalhos da Justi\u00e7a Eleitoral em 2025.<\/p>\n\n\n\n<p>Durante seu discurso, Carmen L\u00facia adiantou que o TSE j\u00e1 come\u00e7ou os preparativos para as elei\u00e7\u00f5es presidenciais de 2026 e do pr\u00f3ximo pleito municipal, que ser\u00e1 realizado em 2028.<\/p>\n\n\n\n<p>&#8220;Para garantia de elei\u00e7\u00f5es livres e democr\u00e1ticas no Brasil, este Tribunal Superior Eleitoral trabalha ininterruptamente. Para as elei\u00e7\u00f5es de 2026, as provid\u00eancias j\u00e1 come\u00e7aram a ser implementadas na sequ\u00eancia imediata ao t\u00e9rmino das elei\u00e7\u00f5es. Para a elei\u00e7\u00e3o de 2028, uma s\u00e9rie de provid\u00eancias j\u00e1 precisou ser iniciada, como a quest\u00e3o do c\u00e1lculo de eleitores e quantas urnas precisam&#8221;, afirmou.<\/p>\n\n\n\n<p>A presidente do TSE tamb\u00e9m voltou a defender o regime democr\u00e1tico no pa\u00eds e disse que a liberdade e a justi\u00e7a s\u00f3 podem ser garantidas com a democracia.<\/p>\n\n\n\n<p>&#8220;A Justi\u00e7a Eleitoral continuar\u00e1 a atuar com rigor, serenidade, com imparcialidade e comprometida com a democracia, garantindo as liberdades de eleitoras e eleitores. Que tenhamos um \u00f3timo per\u00edodo de perseveran\u00e7a no caminho da constru\u00e7\u00e3o democr\u00e1tica&#8221;, completou.<\/p>\n\n\n\n<p>As elei\u00e7\u00f5es presidenciais de 2026 ser\u00e3o presididas pelo ministro Kassio Nunes Marques, atual vice-presidente do TSE e ministro do STF. O mandato de C\u00e1rmen L\u00facia terminar\u00e1 em agosto do ano que vem. Kassio foi indicado ao STF pelo ex-presidente Jair Bolsonaro.&nbsp;<br><br><\/p>\n","protected":false},"excerpt":{"rendered":"<p>Presidente do Tribunal tamb\u00e9m voltou a defender a democracia no pa\u00eds Por Andr\u00e9 Richter &#8211;<\/p>\n","protected":false},"author":2,"featured_media":98529,"comment_status":"open","ping_status":"open","sticky":false,"template":"","format":"standard","meta":{"footnotes":""},"categories":[17],"tags":[],"class_list":["post-98528","post","type-post","status-publish","format-standard","has-post-thumbnail","hentry","category-outras-noticias"],"_links":{"self":[{"href":"https:\/\/tvc16.com\/portal\/wp-json\/wp\/v2\/posts\/98528","targetHints":{"allow":["GET"]}}],"collection":[{"href":"https:\/\/tvc16.com\/portal\/wp-json\/wp\/v2\/posts"}],"about":[{"href":"https:\/\/tvc16.com\/portal\/wp-json\/wp\/v2\/types\/post"}],"author":[{"embeddable":true,"href":"https:\/\/tvc16.com\/portal\/wp-json\/wp\/v2\/users\/2"}],"replies":[{"embeddable":true,"href":"https:\/\/tvc16.com\/portal\/wp-json\/wp\/v2\/comments?post=98528"}],"version-history":[{"count":1,"href":"https:\/\/tvc16.com\/portal\/wp-json\/wp\/v2\/posts\/98528\/revisions"}],"predecessor-version":[{"id":98530,"href":"https:\/\/tvc16.com\/portal\/wp-json\/wp\/v2\/posts\/98528\/revisions\/98530"}],"wp:featuredmedia":[{"embeddable":true,"href":"https:\/\/tvc16.com\/portal\/wp-json\/wp\/v2\/media\/98529"}],"wp:attachment":[{"href":"https:\/\/tvc16.com\/portal\/wp-json\/wp\/v2\/media?parent=98528"}],"wp:term":[{"taxonomy":"category","embeddable":true,"href":"https:\/\/tvc16.com\/portal\/wp-json\/wp\/v2\/categories?post=98528"},{"taxonomy":"post_tag","embeddable":true,"href":"https:\/\/tvc16.com\/portal\/wp-json\/wp\/v2\/tags?post=98528"}],"curies":[{"name":"wp","href":"https:\/\/api.w.org\/{rel}","templated":true}]}}