{"id":98531,"date":"2025-02-04T09:42:22","date_gmt":"2025-02-04T12:42:22","guid":{"rendered":"https:\/\/tvc16.com\/portal\/?p=98531"},"modified":"2025-02-04T09:42:26","modified_gmt":"2025-02-04T12:42:26","slug":"carro-pega-fogo-na-estrada-da-saudade-na-manha-desta-terca-feira","status":"publish","type":"post","link":"https:\/\/tvc16.com\/portal\/2025\/02\/04\/carro-pega-fogo-na-estrada-da-saudade-na-manha-desta-terca-feira\/","title":{"rendered":"Carro pega fogo na Estrada da Saudade na manh\u00e3 desta ter\u00e7a-feira"},"content":{"rendered":"\n<p>Um carro de passeio pegou fogo na Estrada da Saudades, em Petr\u00f3polis, na manh\u00e3 desta ter\u00e7a-feira (4). Imagens do acidente circularam nas redes sociais. <\/p>\n\n\n\n<p>De acordo com o Corpo de Bombeiros, o quartel foi acionado \u00e0s 6h30, para atender a ocorr\u00eancia na altura do n\u00famero 260 da Estrada da Saudades. O inc\u00eandio foi controlado e n\u00e3o houve v\u00edtimas.<\/p>\n\n\n\n<p>O tr\u00e2nsito de ve\u00edculos foi normalizado no local.<\/p>\n","protected":false},"excerpt":{"rendered":"<p>Um carro de passeio pegou fogo na Estrada da Saudades, em Petr\u00f3polis, na manh\u00e3 desta<\/p>\n","protected":false},"author":2,"featured_media":98532,"comment_status":"open","ping_status":"open","sticky":false,"template":"","format":"standard","meta":{"footnotes":""},"categories":[12],"tags":[],"class_list":["post-98531","post","type-post","status-publish","format-standard","has-post-thumbnail","hentry","category-cidade"],"_links":{"self":[{"href":"https:\/\/tvc16.com\/portal\/wp-json\/wp\/v2\/posts\/98531","targetHints":{"allow":["GET"]}}],"collection":[{"href":"https:\/\/tvc16.com\/portal\/wp-json\/wp\/v2\/posts"}],"about":[{"href":"https:\/\/tvc16.com\/portal\/wp-json\/wp\/v2\/types\/post"}],"author":[{"embeddable":true,"href":"https:\/\/tvc16.com\/portal\/wp-json\/wp\/v2\/users\/2"}],"replies":[{"embeddable":true,"href":"https:\/\/tvc16.com\/portal\/wp-json\/wp\/v2\/comments?post=98531"}],"version-history":[{"count":1,"href":"https:\/\/tvc16.com\/portal\/wp-json\/wp\/v2\/posts\/98531\/revisions"}],"predecessor-version":[{"id":98533,"href":"https:\/\/tvc16.com\/portal\/wp-json\/wp\/v2\/posts\/98531\/revisions\/98533"}],"wp:featuredmedia":[{"embeddable":true,"href":"https:\/\/tvc16.com\/portal\/wp-json\/wp\/v2\/media\/98532"}],"wp:attachment":[{"href":"https:\/\/tvc16.com\/portal\/wp-json\/wp\/v2\/media?parent=98531"}],"wp:term":[{"taxonomy":"category","embeddable":true,"href":"https:\/\/tvc16.com\/portal\/wp-json\/wp\/v2\/categories?post=98531"},{"taxonomy":"post_tag","embeddable":true,"href":"https:\/\/tvc16.com\/portal\/wp-json\/wp\/v2\/tags?post=98531"}],"curies":[{"name":"wp","href":"https:\/\/api.w.org\/{rel}","templated":true}]}}