{"id":98537,"date":"2025-02-04T09:54:25","date_gmt":"2025-02-04T12:54:25","guid":{"rendered":"https:\/\/tvc16.com\/portal\/?p=98537"},"modified":"2025-02-04T09:54:29","modified_gmt":"2025-02-04T12:54:29","slug":"gincana-de-verao-academia-promove-aulao-gratuito-na-praca-da-liberdade","status":"publish","type":"post","link":"https:\/\/tvc16.com\/portal\/2025\/02\/04\/gincana-de-verao-academia-promove-aulao-gratuito-na-praca-da-liberdade\/","title":{"rendered":"Gincana de Ver\u00e3o: academia promove aul\u00e3o gratuito na Pra\u00e7a da Liberdade"},"content":{"rendered":"\n<p><em>Evento aberto ao p\u00fablico ser\u00e1 realizado no Rink Marowil, na Pra\u00e7a da Liberdade<\/em><\/p>\n\n\n\n<p>O aul\u00e3o gratuito da quinta edi\u00e7\u00e3o da Gincana de Ver\u00e3o K\u00f6rper acontece no pr\u00f3ximo domingo, dia 9 de fevereiro, no Rink Marowil, na Pra\u00e7a da Liberdade, a partir das 09h30. O evento \u00e9 aberto ao p\u00fablico e para participar \u00e9 preciso levar 1 kg de alimento n\u00e3o perec\u00edvel.<\/p>\n\n\n\n<p>A Gincana de Ver\u00e3o \u00e9 uma super competi\u00e7\u00e3o entre equipes que visa promover sa\u00fade, bem-estar, qualidade de vida e muita divers\u00e3o.<\/p>\n\n\n\n<p>Al\u00e9m do aul\u00e3o, a abertura tamb\u00e9m vai contar com a \u201cBlitz da Sa\u00fade\u201d, com aferi\u00e7\u00e3o de press\u00e3o, medi\u00e7\u00e3o de peso e c\u00e1lculo de IMC. Todos os atendimentos ser\u00e3o gratuitos.<\/p>\n\n\n\n<p>Em caso de chuva, as atividades ser\u00e3o adiadas e a nova data do evento ser\u00e1 divulgada nas redes sociais da academia.<\/p>\n\n\n\n<p>Ap\u00f3s a abertura, as atividades da Gincana v\u00e3o continuar sendo realizadas nas cinco unidades da K\u00f6rper em Petr\u00f3polis, at\u00e9 o m\u00eas de mar\u00e7o.<\/p>\n","protected":false},"excerpt":{"rendered":"<p>Evento aberto ao p\u00fablico ser\u00e1 realizado no Rink Marowil, na Pra\u00e7a da Liberdade O aul\u00e3o<\/p>\n","protected":false},"author":2,"featured_media":98538,"comment_status":"open","ping_status":"open","sticky":false,"template":"","format":"standard","meta":{"footnotes":""},"categories":[12],"tags":[],"class_list":["post-98537","post","type-post","status-publish","format-standard","has-post-thumbnail","hentry","category-cidade"],"_links":{"self":[{"href":"https:\/\/tvc16.com\/portal\/wp-json\/wp\/v2\/posts\/98537","targetHints":{"allow":["GET"]}}],"collection":[{"href":"https:\/\/tvc16.com\/portal\/wp-json\/wp\/v2\/posts"}],"about":[{"href":"https:\/\/tvc16.com\/portal\/wp-json\/wp\/v2\/types\/post"}],"author":[{"embeddable":true,"href":"https:\/\/tvc16.com\/portal\/wp-json\/wp\/v2\/users\/2"}],"replies":[{"embeddable":true,"href":"https:\/\/tvc16.com\/portal\/wp-json\/wp\/v2\/comments?post=98537"}],"version-history":[{"count":1,"href":"https:\/\/tvc16.com\/portal\/wp-json\/wp\/v2\/posts\/98537\/revisions"}],"predecessor-version":[{"id":98539,"href":"https:\/\/tvc16.com\/portal\/wp-json\/wp\/v2\/posts\/98537\/revisions\/98539"}],"wp:featuredmedia":[{"embeddable":true,"href":"https:\/\/tvc16.com\/portal\/wp-json\/wp\/v2\/media\/98538"}],"wp:attachment":[{"href":"https:\/\/tvc16.com\/portal\/wp-json\/wp\/v2\/media?parent=98537"}],"wp:term":[{"taxonomy":"category","embeddable":true,"href":"https:\/\/tvc16.com\/portal\/wp-json\/wp\/v2\/categories?post=98537"},{"taxonomy":"post_tag","embeddable":true,"href":"https:\/\/tvc16.com\/portal\/wp-json\/wp\/v2\/tags?post=98537"}],"curies":[{"name":"wp","href":"https:\/\/api.w.org\/{rel}","templated":true}]}}