{"id":98540,"date":"2025-02-04T09:59:09","date_gmt":"2025-02-04T12:59:09","guid":{"rendered":"https:\/\/tvc16.com\/portal\/?p=98540"},"modified":"2025-02-04T09:59:11","modified_gmt":"2025-02-04T12:59:11","slug":"resultados-do-cnu-serao-divulgados-nesta-terca-feira","status":"publish","type":"post","link":"https:\/\/tvc16.com\/portal\/2025\/02\/04\/resultados-do-cnu-serao-divulgados-nesta-terca-feira\/","title":{"rendered":"Resultados do CNU ser\u00e3o divulgados nesta ter\u00e7a-feira\u00a0"},"content":{"rendered":"\n<p><em>Cargos dos blocos 1 a 7 ainda dependem de curso de forma\u00e7\u00e3o<\/em><\/p>\n\n\n\n<p>Por Ag\u00eancia Brasil \/ Foto: Arte\/EBC<\/p>\n\n\n\n<p><\/p>\n\n\n\n<p>O resultado final para os candidatos que concorreram aos cargos de n\u00edvel intermedi\u00e1rio (Bloco 8) do&nbsp;<a href=\"http:\/\/agenciabrasil.ebc.com.br\/geral\/noticia\/2025-01\/o-que-os-candidatos-devem-fazer-apos-aprovacao-no-cnu\">Concurso P\u00fablico Nacional Unificado<\/a>&nbsp;(CPNU) estar\u00e1 dispon\u00edvel a partir das 10h desta ter\u00e7a-feira (4). Tamb\u00e9m ser\u00e1 divulgada a primeira lista de classifica\u00e7\u00e3o dos candidatos dos blocos 1 ao 7 e a primeira lista de convoca\u00e7\u00e3o para os cargos que possuem cursos de forma\u00e7\u00e3o.<img decoding=\"async\" src=\"https:\/\/agenciabrasil.ebc.com.br\/ebc.png?id=1628980&amp;o=node\"><img decoding=\"async\" src=\"https:\/\/agenciabrasil.ebc.com.br\/ebc.gif?id=1628980&amp;o=node\"><\/p>\n\n\n\n<p>No dia 28 de fevereiro, ser\u00e1 publicada a lista definitiva de candidatos aprovados nos blocos 1 ao 7 que n\u00e3o precisam de cursos de forma\u00e7\u00e3o e a lista final de convocados para matr\u00edcula nos cursos de forma\u00e7\u00e3o.<\/p>\n\n\n\n<p>Na semana passada, o&nbsp;<a href=\"http:\/\/agenciabrasil.ebc.com.br\/geral\/noticia\/2025-01\/mpf-recomenda-suspender-divulgacao-dos-resultados-finais-do-cnu\">Minist\u00e9rio P\u00fablico Federal (MPF) recomendou<\/a>&nbsp;ao Minist\u00e9rio da Gest\u00e3o e Inova\u00e7\u00e3o em Servi\u00e7os P\u00fablicos (MGI) e \u00e0 Funda\u00e7\u00e3o Cesgranrio a suspens\u00e3o da divulga\u00e7\u00e3o dos resultados finais do Concurso at\u00e9 que as falhas no cumprimento de regras relativas \u00e0s cotas raciais previstas na legisla\u00e7\u00e3o brasileira sejam resolvidas.<\/p>\n\n\n\n<p>O MGI informou \u00e0&nbsp;<strong>Ag\u00eancia Brasil&nbsp;<\/strong>que trabalha com a manuten\u00e7\u00e3o do calend\u00e1rio do CNU \u201cao mesmo tempo em que est\u00e1 conversando com as institui\u00e7\u00f5es\u201d.<\/p>\n\n\n\n<h2 class=\"wp-block-heading\">Como consultar os resultados<\/h2>\n\n\n\n<p>Na&nbsp;<a href=\"https:\/\/cpnu.cesgranrio.org.br\/login\">\u00e1rea do candidato<\/a>, ser\u00e3o divulgadas 173 listas, com a classifica\u00e7\u00e3o por cargo, de todos os blocos, bem como&nbsp; as listas de convoca\u00e7\u00e3o para cada um dos cargos que ter\u00e3o curso de forma\u00e7\u00e3o. Os candidatos tamb\u00e9m poder\u00e3o consultar os resultados individuais para cada um dos cargos em que se inscreveu.&nbsp;<\/p>\n\n\n\n<p>Estar\u00e3o dispon\u00edveis informa\u00e7\u00f5es como as notas das provas objetiva e discursiva, a nota na avalia\u00e7\u00e3o de t\u00edtulo, o resultado de bancas (PCD, Heteroidentifica\u00e7\u00e3o, Ind\u00edgena), a nota final ponderada e a classifica\u00e7\u00e3o em cada cargo. Tamb\u00e9m poder\u00e1 ser vista a situa\u00e7\u00e3o no cargo, o seja, se o candidato foi aprovado em vagas imediatas, em lista de espera ou cadastro reserva, se foi convocado para curso de forma\u00e7\u00e3o ou eliminado.&nbsp;&nbsp;<\/p>\n\n\n\n<p>Cada candidato s\u00f3 aparecer\u00e1 como aprovado em um cargo, ficando claro se \u00e9 em vaga de ampla concorr\u00eancia ou nas cotas. Por\u00e9m, este candidato poder\u00e1 aparecer em diversas listas de espera dos cargos de sua maior prefer\u00eancia.<\/p>\n\n\n\n<p>Para os cargos dos blocos de 1 a 7, os resultados s\u00e3o provis\u00f3rios, uma vez que o resultado final somente ser\u00e1 divulgado no dia 28 de fevereiro, ap\u00f3s o per\u00edodo de convoca\u00e7\u00e3o e confirma\u00e7\u00e3o para cursos de forma\u00e7\u00e3o.&nbsp;<\/p>\n\n\n\n<p>Os resultados do CPNU tamb\u00e9m ser\u00e3o publicados em oito editais no Di\u00e1rio Oficial da Uni\u00e3o, em edi\u00e7\u00e3o extra, na parte da tarde.&nbsp;<\/p>\n\n\n\n<h2 class=\"wp-block-heading\">Curso de forma\u00e7\u00e3o<\/h2>\n\n\n\n<p>No caso dos candidatos para cargos que demandam cursos de forma\u00e7\u00e3o, nos dias 4 e 5 de fevereiro, ap\u00f3s a divulga\u00e7\u00e3o das notas finais e da classifica\u00e7\u00e3o, o candidato dever\u00e1 acessar a p\u00e1gina do CPNU e verificar a convoca\u00e7\u00e3o na sua \u00e1rea do candidato. \u00c9 obrigat\u00f3ria a confirma\u00e7\u00e3o de presen\u00e7a no curso de forma\u00e7\u00e3o.&nbsp;<\/p>\n\n\n\n<p>A participa\u00e7\u00e3o no curso de forma\u00e7\u00e3o s\u00f3 estar\u00e1 assegurada ap\u00f3s o candidato responder SIM \u00e0 convoca\u00e7\u00e3o e, posteriormente, efetivar sua matr\u00edcula junto \u00e0s institui\u00e7\u00f5es que promover\u00e3o os cursos de forma\u00e7\u00e3o.<br><br><\/p>\n","protected":false},"excerpt":{"rendered":"<p>Cargos dos blocos 1 a 7 ainda dependem de curso de forma\u00e7\u00e3o Por Ag\u00eancia Brasil<\/p>\n","protected":false},"author":2,"featured_media":98541,"comment_status":"open","ping_status":"open","sticky":false,"template":"","format":"standard","meta":{"footnotes":""},"categories":[17],"tags":[],"class_list":["post-98540","post","type-post","status-publish","format-standard","has-post-thumbnail","hentry","category-outras-noticias"],"_links":{"self":[{"href":"https:\/\/tvc16.com\/portal\/wp-json\/wp\/v2\/posts\/98540","targetHints":{"allow":["GET"]}}],"collection":[{"href":"https:\/\/tvc16.com\/portal\/wp-json\/wp\/v2\/posts"}],"about":[{"href":"https:\/\/tvc16.com\/portal\/wp-json\/wp\/v2\/types\/post"}],"author":[{"embeddable":true,"href":"https:\/\/tvc16.com\/portal\/wp-json\/wp\/v2\/users\/2"}],"replies":[{"embeddable":true,"href":"https:\/\/tvc16.com\/portal\/wp-json\/wp\/v2\/comments?post=98540"}],"version-history":[{"count":1,"href":"https:\/\/tvc16.com\/portal\/wp-json\/wp\/v2\/posts\/98540\/revisions"}],"predecessor-version":[{"id":98542,"href":"https:\/\/tvc16.com\/portal\/wp-json\/wp\/v2\/posts\/98540\/revisions\/98542"}],"wp:featuredmedia":[{"embeddable":true,"href":"https:\/\/tvc16.com\/portal\/wp-json\/wp\/v2\/media\/98541"}],"wp:attachment":[{"href":"https:\/\/tvc16.com\/portal\/wp-json\/wp\/v2\/media?parent=98540"}],"wp:term":[{"taxonomy":"category","embeddable":true,"href":"https:\/\/tvc16.com\/portal\/wp-json\/wp\/v2\/categories?post=98540"},{"taxonomy":"post_tag","embeddable":true,"href":"https:\/\/tvc16.com\/portal\/wp-json\/wp\/v2\/tags?post=98540"}],"curies":[{"name":"wp","href":"https:\/\/api.w.org\/{rel}","templated":true}]}}