{"id":98543,"date":"2025-02-04T11:05:06","date_gmt":"2025-02-04T14:05:06","guid":{"rendered":"https:\/\/tvc16.com\/portal\/?p=98543"},"modified":"2025-02-04T11:05:06","modified_gmt":"2025-02-04T14:05:06","slug":"inscricoes-para-o-fies-comecam-nesta-terca-feira","status":"publish","type":"post","link":"https:\/\/tvc16.com\/portal\/2025\/02\/04\/inscricoes-para-o-fies-comecam-nesta-terca-feira\/","title":{"rendered":"Inscri\u00e7\u00f5es para o Fies come\u00e7am nesta ter\u00e7a-feira"},"content":{"rendered":"\n<p><em>Per\u00edodo vai at\u00e9 sexta-feira desta semana<\/em><\/p>\n\n\n\n<p>Por Paula Laboissi\u00e8re \u2013 Rep\u00f3rter da Ag\u00eancia Brasil \/ Foto: Sam Balye\/Unsplash<\/p>\n\n\n\n<p><\/p>\n\n\n\n<p>Candidatos interessados em participar do processo seletivo do Fundo de Financiamento Estudantil (Fies) para o primeiro semestre de 2025 j\u00e1 podem efetuar sua inscri\u00e7\u00e3o. O prazo come\u00e7a nesta ter\u00e7a-feira (4) e segue at\u00e9 a pr\u00f3xima sexta-feira (7).<img decoding=\"async\" src=\"https:\/\/agenciabrasil.ebc.com.br\/ebc.png?id=1629011&amp;o=node\"><img decoding=\"async\" src=\"https:\/\/agenciabrasil.ebc.com.br\/ebc.gif?id=1629011&amp;o=node\"><\/p>\n\n\n\n<p>Gratuitas e em formato exclusivo pela internet, as inscri\u00e7\u00f5es devem ser realizadas por meio do Fies Sele\u00e7\u00e3o, no&nbsp;<a href=\"https:\/\/acessounico.mec.gov.br\/fies\" target=\"_blank\" rel=\"noreferrer noopener\">Portal \u00danico de Acesso ao Ensino Superior&nbsp;<\/a>do Minist\u00e9rio da Educa\u00e7\u00e3o (MEC). De acordo com o cronograma do Minist\u00e9rio da Educa\u00e7\u00e3o, os resultados devem ser divulgados no pr\u00f3ximo dia 18.<\/p>\n\n\n\n<p>Ao todo, 67 mil vagas ser\u00e3o disponibilizadas, sendo 50% reservadas para o Fies Social, modalidade que atende estudantes com renda familiar per capita de at\u00e9 meio sal\u00e1rio m\u00ednimo e inscritos no Cadastro \u00danico para Programas Sociais do Governo Federal (Cad\u00danico).<\/p>\n\n\n\n<p>\u201cNo dia 18 de fevereiro, ser\u00e1 divulgado o resultado da pr\u00e9-sele\u00e7\u00e3o na chamada \u00fanica, quando ser\u00e1 necess\u00e1ria a complementa\u00e7\u00e3o da inscri\u00e7\u00e3o, que poder\u00e1 ser preenchida dos dias 19 a 21 de fevereiro. Somente depois de cumprir esses procedimentos \u00e9 que a contrata\u00e7\u00e3o do financiamento ser\u00e1 formalizada\u201d, informou o MEC.<\/p>\n\n\n\n<p>Candidatos que n\u00e3o forem pr\u00e9-selecionados, segundo a pasta, entram automaticamente na lista de espera, conforme a ordem de classifica\u00e7\u00e3o. \u201cHaver\u00e1 novas pr\u00e9-sele\u00e7\u00f5es da lista de espera no per\u00edodo de 25 de fevereiro a 9 de abril\u201d.<\/p>\n\n\n\n<h2 class=\"wp-block-heading\">Entenda<\/h2>\n\n\n\n<p>Institu\u00eddo pela Lei n\u00ba 10.260, de 12 de julho de 2001, o Fies tem como objetivo conceder financiamento a estudantes em cursos superiores n\u00e3o gratuitos, com avalia\u00e7\u00e3o positiva no Sistema Nacional de Avalia\u00e7\u00e3o da Educa\u00e7\u00e3o Superior (Sinaes), ofertados por institui\u00e7\u00f5es de educa\u00e7\u00e3o superior privadas que participam do programa.<\/p>\n\n\n\n<p>A modalidade Fies Social, institu\u00eddo pela Resolu\u00e7\u00e3o n\u00ba 58\/2024, se destina ao atendimento de estudantes de baixa renda. A vers\u00e3o, de acordo com o MEC, visa a oferecer melhores condi\u00e7\u00f5es para a obten\u00e7\u00e3o do Fies, como a reserva de 50% das vagas e a concess\u00e3o de at\u00e9 100% de financiamento dos encargos educacionais.<br><br><\/p>\n","protected":false},"excerpt":{"rendered":"<p>Per\u00edodo vai at\u00e9 sexta-feira desta semana Por Paula Laboissi\u00e8re \u2013 Rep\u00f3rter da Ag\u00eancia Brasil \/<\/p>\n","protected":false},"author":2,"featured_media":98544,"comment_status":"open","ping_status":"open","sticky":false,"template":"","format":"standard","meta":{"footnotes":""},"categories":[17],"tags":[],"class_list":["post-98543","post","type-post","status-publish","format-standard","has-post-thumbnail","hentry","category-outras-noticias"],"_links":{"self":[{"href":"https:\/\/tvc16.com\/portal\/wp-json\/wp\/v2\/posts\/98543","targetHints":{"allow":["GET"]}}],"collection":[{"href":"https:\/\/tvc16.com\/portal\/wp-json\/wp\/v2\/posts"}],"about":[{"href":"https:\/\/tvc16.com\/portal\/wp-json\/wp\/v2\/types\/post"}],"author":[{"embeddable":true,"href":"https:\/\/tvc16.com\/portal\/wp-json\/wp\/v2\/users\/2"}],"replies":[{"embeddable":true,"href":"https:\/\/tvc16.com\/portal\/wp-json\/wp\/v2\/comments?post=98543"}],"version-history":[{"count":1,"href":"https:\/\/tvc16.com\/portal\/wp-json\/wp\/v2\/posts\/98543\/revisions"}],"predecessor-version":[{"id":98545,"href":"https:\/\/tvc16.com\/portal\/wp-json\/wp\/v2\/posts\/98543\/revisions\/98545"}],"wp:featuredmedia":[{"embeddable":true,"href":"https:\/\/tvc16.com\/portal\/wp-json\/wp\/v2\/media\/98544"}],"wp:attachment":[{"href":"https:\/\/tvc16.com\/portal\/wp-json\/wp\/v2\/media?parent=98543"}],"wp:term":[{"taxonomy":"category","embeddable":true,"href":"https:\/\/tvc16.com\/portal\/wp-json\/wp\/v2\/categories?post=98543"},{"taxonomy":"post_tag","embeddable":true,"href":"https:\/\/tvc16.com\/portal\/wp-json\/wp\/v2\/tags?post=98543"}],"curies":[{"name":"wp","href":"https:\/\/api.w.org\/{rel}","templated":true}]}}