{"id":98546,"date":"2025-02-04T11:07:44","date_gmt":"2025-02-04T14:07:44","guid":{"rendered":"https:\/\/tvc16.com\/portal\/?p=98546"},"modified":"2025-02-04T11:07:46","modified_gmt":"2025-02-04T14:07:46","slug":"aniversario-de-3-anos-de-gabriel-ganha-um-toque-especial-com-caminhao-de-coleta-e-apoio-da-prefeitura","status":"publish","type":"post","link":"https:\/\/tvc16.com\/portal\/2025\/02\/04\/aniversario-de-3-anos-de-gabriel-ganha-um-toque-especial-com-caminhao-de-coleta-e-apoio-da-prefeitura\/","title":{"rendered":"Anivers\u00e1rio de 3 anos de Gabriel ganha um toque especial com caminh\u00e3o de coleta e apoio da Prefeitura"},"content":{"rendered":"\n<p>No \u00faltimo s\u00e1bado, 1\u00ba de fevereiro, Gabriel Corr\u00eaa Chaves, uma crian\u00e7a de 3 anos, teve uma festa de anivers\u00e1rio inesquec\u00edvel, que n\u00e3o foi apenas uma celebra\u00e7\u00e3o, mas tamb\u00e9m uma demonstra\u00e7\u00e3o de carinho e apoio. O tema da festa foi inusitado: caminh\u00e3o de coleta, escolha do pr\u00f3prio Gabriel, que desde pequeno \u00e9 fascinado por esses ve\u00edculos. A surpresa para o aniversariante veio quando a Prefeitura, por meio da Companhia Municipal de Desenvolvimento de Petr\u00f3polis (Comdep), decidiu participar da festa, levando um caminh\u00e3o de coleta at\u00e9 o local do evento.<\/p>\n\n\n\n<p>A festa aconteceu em uma casa de festas, na Posse, onde a decora\u00e7\u00e3o foi cuidadosamente planejada, mas o grande momento foi a chegada do caminh\u00e3o. &#8220;Ficamos muito felizes em poder tornar o dia do Gabriel ainda mais especial&#8221;, disse o prefeito Hingo Hammes. &#8220;Quando soubemos do pedido, n\u00e3o pensamos duas vezes em fazer parte dessa celebra\u00e7\u00e3o, que \u00e9 um exemplo de como pequenos gestos podem trazer tanta alegria&#8221;, complementou.<\/p>\n\n\n\n<p>A presidente da Comdep, Fernanda Ferreira, expressou sua satisfa\u00e7\u00e3o com a a\u00e7\u00e3o. &#8220;\u00c9 uma honra para a companhia fazer parte de momentos como este. Estamos sempre dispostos a apoiar e colaborar com as fam\u00edlias, especialmente em celebra\u00e7\u00f5es t\u00e3o significativas&#8221;, afirmou Fernanda, que parabenizou a fam\u00edlia pelo evento e pela iniciativa de valorizar o simples e genu\u00edno desejo do pequeno.<\/p>\n\n\n\n<p>Al\u00e9m de levar o caminh\u00e3o de coleta, a Comdep presenteou Gabriel com uma camiseta oficial da companhia, que agora ele usa com orgulho, acreditando que quem a veste est\u00e1 no comando de um caminh\u00e3o de coleta. A festa de Gabriel ficou marcada como um exemplo de como a uni\u00e3o entre a comunidade e o poder p\u00fablico pode criar mem\u00f3rias \u00fanicas e especiais para as fam\u00edlias.<\/p>\n\n\n\n<p>&#8220;Eu nunca imaginei que um simples desejo do Gabriel se tornaria algo t\u00e3o grandioso. Quando ele escolheu o tema do caminh\u00e3o de coleta para a festa, pensei que era s\u00f3 uma fase, mas ele foi t\u00e3o firme na escolha que n\u00e3o pude negar. Quando o caminh\u00e3o chegou e ele viu tudo aquilo, eu s\u00f3 consegui agradecer a Deus por tudo. Foi um momento t\u00e3o especial, n\u00e3o s\u00f3 para ele, mas para toda a nossa fam\u00edlia. Eu sei que esses gestos de carinho e dedica\u00e7\u00e3o, como os da Comdep, s\u00e3o coisas que v\u00e3o ficar guardadas para sempre em nossos cora\u00e7\u00f5es&#8221;, disse Ana Carla Corr\u00eaa Alves, m\u00e3e do Gabriel.<\/p>\n","protected":false},"excerpt":{"rendered":"<p>No \u00faltimo s\u00e1bado, 1\u00ba de fevereiro, Gabriel Corr\u00eaa Chaves, uma crian\u00e7a de 3 anos, teve<\/p>\n","protected":false},"author":2,"featured_media":98547,"comment_status":"open","ping_status":"open","sticky":false,"template":"","format":"standard","meta":{"footnotes":""},"categories":[12],"tags":[],"class_list":["post-98546","post","type-post","status-publish","format-standard","has-post-thumbnail","hentry","category-cidade"],"_links":{"self":[{"href":"https:\/\/tvc16.com\/portal\/wp-json\/wp\/v2\/posts\/98546","targetHints":{"allow":["GET"]}}],"collection":[{"href":"https:\/\/tvc16.com\/portal\/wp-json\/wp\/v2\/posts"}],"about":[{"href":"https:\/\/tvc16.com\/portal\/wp-json\/wp\/v2\/types\/post"}],"author":[{"embeddable":true,"href":"https:\/\/tvc16.com\/portal\/wp-json\/wp\/v2\/users\/2"}],"replies":[{"embeddable":true,"href":"https:\/\/tvc16.com\/portal\/wp-json\/wp\/v2\/comments?post=98546"}],"version-history":[{"count":1,"href":"https:\/\/tvc16.com\/portal\/wp-json\/wp\/v2\/posts\/98546\/revisions"}],"predecessor-version":[{"id":98548,"href":"https:\/\/tvc16.com\/portal\/wp-json\/wp\/v2\/posts\/98546\/revisions\/98548"}],"wp:featuredmedia":[{"embeddable":true,"href":"https:\/\/tvc16.com\/portal\/wp-json\/wp\/v2\/media\/98547"}],"wp:attachment":[{"href":"https:\/\/tvc16.com\/portal\/wp-json\/wp\/v2\/media?parent=98546"}],"wp:term":[{"taxonomy":"category","embeddable":true,"href":"https:\/\/tvc16.com\/portal\/wp-json\/wp\/v2\/categories?post=98546"},{"taxonomy":"post_tag","embeddable":true,"href":"https:\/\/tvc16.com\/portal\/wp-json\/wp\/v2\/tags?post=98546"}],"curies":[{"name":"wp","href":"https:\/\/api.w.org\/{rel}","templated":true}]}}