{"id":9855,"date":"2021-01-23T21:12:01","date_gmt":"2021-01-24T00:12:01","guid":{"rendered":"https:\/\/tvc16.com\/portal\/?p=9855"},"modified":"2021-01-23T21:12:03","modified_gmt":"2021-01-24T00:12:03","slug":"fiocruz-libera-vacina-de-oxford-para-distribuicao-aos-estados","status":"publish","type":"post","link":"https:\/\/tvc16.com\/portal\/2021\/01\/23\/fiocruz-libera-vacina-de-oxford-para-distribuicao-aos-estados\/","title":{"rendered":"Fiocruz libera vacina de Oxford para distribui\u00e7\u00e3o aos estados"},"content":{"rendered":"\n<h3 class=\"wp-block-heading\">Log\u00edstica cabe ao Minist\u00e9rio da Sa\u00fade <\/h3>\n\n\n\n<p>A Funda\u00e7\u00e3o Oswaldo Cruz (Fiocruz) liberou hoje (23), para distribui\u00e7\u00e3o aos estados, as doses da vacina desenvolvida pela Universidade de Oxford e pela biofarmac\u00eautica AstraZeneca, importadas da \u00cdndia. A log\u00edstica de distribui\u00e7\u00e3o cabe ao Minist\u00e9rio da Sa\u00fade. No fim da tarde deste s\u00e1bado, foram aplicadas as primeiras doses no Brasil.<img decoding=\"async\" src=\"https:\/\/agenciabrasil.ebc.com.br\/ebc.png?id=1399521&amp;o=node\"><img decoding=\"async\" src=\"https:\/\/agenciabrasil.ebc.com.br\/ebc.gif?id=1399521&amp;o=node\"><\/p>\n\n\n\n<figure class=\"wp-block-image\"><img decoding=\"async\" src=\"https:\/\/imagens.ebc.com.br\/6xOSp7xP4WGwSVNpn-Cx0PrmpEw=\/365x0\/smart\/https:\/\/agenciabrasil.ebc.com.br\/sites\/default\/files\/thumbnails\/image\/_dsc8110.jpg?itok=zVUS_Hq8\" alt=\"O m\u00e9dico infectologista do Instituto Nacional de Infectologia Evandro Chagas (INI\/Fiocruz), Estev\u00e3o Portela, recebe a dose da vacina de Oxford\/AstraZeneca na Fiocruz.\" title=\"Tomaz Silva\/Ag\u00eancia Brasil\"\/><\/figure>\n\n\n\n<h6 class=\"wp-block-heading\">O m\u00e9dico infectologista&nbsp;Estev\u00e3o Portela&nbsp;recebe a dose da vacina de Oxford&nbsp;&#8211;&nbsp;<strong>Tomaz Silva\/Ag\u00eancia Brasil<\/strong><\/h6>\n\n\n\n<p>Receberam a vacina o infectologista do Instituto Nacional de Infectologia Evandro Chagas da Funda\u00e7\u00e3o Oswaldo Cruz (INI\/Fiocruz) Estev\u00e3o Portela e a m\u00e9dica pneumologista do Centro de Refer\u00eancia Professor Helio Fraga, tamb\u00e9m da Fiocruz, Margareth Dalcolmo. Os dois atuam na linha de frente da assist\u00eancia a pacientes com covid-19 desde o in\u00edcio da pandemia e receberam as vacinas no Complexo da Fiocruz, na zona norte do Rio de Janeiro.<\/p>\n\n\n\n<p>Ap\u00f3s ser vacinada, a m\u00e9dica Margareth Dalcolmo disse que hoje \u00e9 dia simb\u00f3lico, de muita esperan\u00e7a e sobretudo de muita confian\u00e7a nas institui\u00e7\u00f5es do pa\u00eds.&nbsp;Margareth Dalcolmo acrescentou que hoje tamb\u00e9m \u00e9 um dia para homenagear os profissionais de sa\u00fade do Brasil inteiro que est\u00e3o de plant\u00e3o nas unidades de terapia intensiva (UTIs) e nas emerg\u00eancias, cuidando diretamente dos pacientes.<\/p>\n\n\n\n<figure class=\"wp-block-image\"><img decoding=\"async\" src=\"https:\/\/imagens.ebc.com.br\/n2uwDbRpQi1iONa2Z13fkX826Eo=\/365x0\/smart\/https:\/\/agenciabrasil.ebc.com.br\/sites\/default\/files\/thumbnails\/image\/astrazeneca_oxford_fiocruz230120210912.jpg?itok=rT78Pukt\" alt=\"A m\u00e9dica pneumologista do Centro de Refer\u00eancia Professor Helio Fraga, da Fiocruz, Margareth Dalcolmo recebe a dose da vacina de Oxford\/AstraZeneca na Fiocruz.\" title=\"Tomaz Silva\/Ag\u00eancia Brasil\"\/><\/figure>\n\n\n\n<h6 class=\"wp-block-heading\">A m\u00e9dica pneumologista&nbsp;Margareth Dalcolmo recebe a dose da vacina&nbsp;&#8211;&nbsp;<strong>Tomaz Silva\/Ag\u00eancia Brasil<\/strong><\/h6>\n\n\n\n<p>\u201cEstou seguramente sorrindo, mas pela esperan\u00e7a. Em primeiro lugar n\u00e3o \u00e9 uma esperan\u00e7a v\u00e3, \u00e9 uma esperan\u00e7a da confian\u00e7a objetiva nas institui\u00e7\u00f5es brasileiras, na for\u00e7a do SUS e em todos que&nbsp;desde o in\u00edcio da pandemia, do carnaval do ano passado, est\u00e3o comprometidos e continuam trabalhando\u201d, disse.<\/p>\n\n\n\n<p>A terceira pessoa a receber a dose foi a m\u00e9dica Sarah Ananda Gomes, que \u00e9 coordenadora da equipe de Cuidados Paliativos no Hospital Felicio Rocho.<\/p>\n\n\n\n<p>A presidente da Fiocruz, N\u00edsia Trindade, prestou solidariedade ao estado do Amazonas que enfrenta uma s\u00e9ria contamina\u00e7\u00e3o pela covid-19.<\/p>\n\n\n\n<h2 class=\"wp-block-heading\">Libera\u00e7\u00e3o das doses<\/h2>\n\n\n\n<p>A vacina\u00e7\u00e3o ocorreu logo ap\u00f3s a Fiocruz come\u00e7ar a liberar os 2 milh\u00f5es de doses de vacinas prontas para o Programa Nacional de Imuniza\u00e7\u00f5es (PNI\/MS). O primeiro caminh\u00e3o com parte da carga saiu \u00e0s 14h18 da Fiocruz e foi direto para um centro de log\u00edstica tamb\u00e9m na zona norte para iniciar a separa\u00e7\u00e3o das caixas que ser\u00e3o distribu\u00eddas aos estados. Ao todo, ser\u00e3o etiquetadas 4 mil caixas, cada uma com 50 frascos e 500 doses da vacina. Depois da etiquetagem, ocorrer\u00e1 a libera\u00e7\u00e3o de documenta\u00e7\u00e3o pela garantia da qualidade.<\/p>\n\n\n\n<p><\/p>\n\n\n\n<figure class=\"wp-block-image size-large\"><img loading=\"lazy\" decoding=\"async\" width=\"1024\" height=\"613\" src=\"https:\/\/tvc16.com\/portal\/wp-content\/uploads\/2021\/01\/astrazeneca_oxford_fiocruz230120210908-1024x613.jpg\" alt=\"\" class=\"wp-image-9854\" srcset=\"https:\/\/tvc16.com\/portal\/wp-content\/uploads\/2021\/01\/astrazeneca_oxford_fiocruz230120210908-1024x613.jpg 1024w, https:\/\/tvc16.com\/portal\/wp-content\/uploads\/2021\/01\/astrazeneca_oxford_fiocruz230120210908-300x179.jpg 300w, https:\/\/tvc16.com\/portal\/wp-content\/uploads\/2021\/01\/astrazeneca_oxford_fiocruz230120210908-768x459.jpg 768w, https:\/\/tvc16.com\/portal\/wp-content\/uploads\/2021\/01\/astrazeneca_oxford_fiocruz230120210908.jpg 1170w\" sizes=\"auto, (max-width: 1024px) 100vw, 1024px\" \/><figcaption>Caminh\u00e3o sai da Fiocruz com as vacinas de Oxford\/AstraZeneca para serem entregues ao Minist\u00e9rio da Sa\u00fade e distribu\u00eddas no Brasil.<\/figcaption><\/figure>\n\n\n\n<p><\/p>\n\n\n\n<p>Segundo a Fiocruz, ainda na manh\u00e3 de hoje foram coletadas amostras pelo Instituto Nacional de Controle de Qualidade em Sa\u00fade (INCQS\/Fiocruz) para an\u00e1lise de protocolo e libera\u00e7\u00e3o do produto para que o Programa Nacional de Imuniza\u00e7\u00f5es possa distribuir as doses aos estados. \u201cToda a opera\u00e7\u00e3o para libera\u00e7\u00e3o das vacinas segue normalmente, sem intercorr\u00eancias e dentro do cronograma\u201d, informou.<\/p>\n\n\n\n<h2 class=\"wp-block-heading\">Chegada<\/h2>\n\n\n\n<p>As doses importadas do Instituto Serum da \u00cdndia, um dos centros produtores da vacina de Oxford-AstraZeneca, chegaram \u00e0 Fiocruz por volta de 1h deste s\u00e1bado, ap\u00f3s serem recebidas no Aeroporto Internacional Tom Jobim RIOGale\u00e3o, na zona norte do Rio. O avi\u00e3o que trouxe as vacinas de S\u00e3o Paulo, aonde chegaram da \u00cdndia em voo comercial, pousou no Rio \u00e0s 22h. Os ministros da Sa\u00fade, Eduardo Pazuello, de Rela\u00e7\u00f5es Exteriores, Ernesto Ara\u00fajo, a presidente da Fiocruz, N\u00edsia Trindade, e o embaixador da \u00cdndia no Brasil, Suresh Reddy estavam presentes. De l\u00e1, as doses seguiram em caminh\u00f5es para Bio-Manguinhos\/Fiocruz, onde foi feito o trabalho de an\u00e1lise de seguran\u00e7a com medi\u00e7\u00e3o de temperatura e de etiquetagem dos 2\u00a0milh\u00f5es de doses.<\/p>\n\n\n\n<p><\/p>\n\n\n\n<figure class=\"wp-block-image size-large\"><img loading=\"lazy\" decoding=\"async\" width=\"754\" height=\"503\" src=\"https:\/\/tvc16.com\/portal\/wp-content\/uploads\/2021\/01\/astrazeneca_oxford_galeao_ffraz_abr_22012101093.jpg\" alt=\"\" class=\"wp-image-9856\" srcset=\"https:\/\/tvc16.com\/portal\/wp-content\/uploads\/2021\/01\/astrazeneca_oxford_galeao_ffraz_abr_22012101093.jpg 754w, https:\/\/tvc16.com\/portal\/wp-content\/uploads\/2021\/01\/astrazeneca_oxford_galeao_ffraz_abr_22012101093-300x200.jpg 300w\" sizes=\"auto, (max-width: 754px) 100vw, 754px\" \/><figcaption>Rio de Janeiro &#8211; Chegada das vacinas da AstraZeneca\/Oxford contra Covid-19 produzidas pelo Instituto Serum, na \u00cdndia, \u00e0 base a\u00e9rea do Gale\u00e3o para serem encaminhadas \u00e0 Fiocruz.  (Fernando Fraz\u00e3o\/Ag\u00eancia Brasil)<\/figcaption><\/figure>\n\n\n\n<p>Em agosto do ano passado, a Fiocruz assinou um acordo com a Oxford e a AstraZeneca para transfer\u00eancia de tecnologia e produ\u00e7\u00e3o da vacina no Brasil. A expectativa \u00e9 que a produ\u00e7\u00e3o comece em mar\u00e7o. Ontem, ap\u00f3s a chegada das doses no Aeroporto do Rio, o ministro da Sa\u00fade disse que a chegada do lote \u00e9 o in\u00edcio do processo no pa\u00eds. \u201cEsses 2 milh\u00f5es de doses s\u00e3o apenas o in\u00edcio. \u00c9 o come\u00e7o do processo. Estamos negociando receber mais doses no come\u00e7o de fevereiro e o IFA [Ingrediente Farmac\u00eautico Ativo] necess\u00e1rio para que a Fiocruz comece a produzir at\u00e9 15 milh\u00f5es de doses por m\u00eas. Nosso pa\u00eds precisa de produ\u00e7\u00e3o nacional\u201d, disse Pazuello.<\/p>\n\n\n\n<p>Por Cristina Indio do Brasil &#8211; Rio de Janeiro<\/p>\n\n\n\n<p>Edi\u00e7\u00e3o: Juliana Andrade<\/p>\n\n\n\n<p><\/p>\n","protected":false},"excerpt":{"rendered":"<p>Log\u00edstica cabe ao Minist\u00e9rio da Sa\u00fade A Funda\u00e7\u00e3o Oswaldo Cruz (Fiocruz) liberou hoje (23), para<\/p>\n","protected":false},"author":2,"featured_media":9857,"comment_status":"open","ping_status":"open","sticky":false,"template":"","format":"standard","meta":{"footnotes":""},"categories":[17],"tags":[],"class_list":["post-9855","post","type-post","status-publish","format-standard","has-post-thumbnail","hentry","category-outras-noticias"],"_links":{"self":[{"href":"https:\/\/tvc16.com\/portal\/wp-json\/wp\/v2\/posts\/9855","targetHints":{"allow":["GET"]}}],"collection":[{"href":"https:\/\/tvc16.com\/portal\/wp-json\/wp\/v2\/posts"}],"about":[{"href":"https:\/\/tvc16.com\/portal\/wp-json\/wp\/v2\/types\/post"}],"author":[{"embeddable":true,"href":"https:\/\/tvc16.com\/portal\/wp-json\/wp\/v2\/users\/2"}],"replies":[{"embeddable":true,"href":"https:\/\/tvc16.com\/portal\/wp-json\/wp\/v2\/comments?post=9855"}],"version-history":[{"count":1,"href":"https:\/\/tvc16.com\/portal\/wp-json\/wp\/v2\/posts\/9855\/revisions"}],"predecessor-version":[{"id":9858,"href":"https:\/\/tvc16.com\/portal\/wp-json\/wp\/v2\/posts\/9855\/revisions\/9858"}],"wp:featuredmedia":[{"embeddable":true,"href":"https:\/\/tvc16.com\/portal\/wp-json\/wp\/v2\/media\/9857"}],"wp:attachment":[{"href":"https:\/\/tvc16.com\/portal\/wp-json\/wp\/v2\/media?parent=9855"}],"wp:term":[{"taxonomy":"category","embeddable":true,"href":"https:\/\/tvc16.com\/portal\/wp-json\/wp\/v2\/categories?post=9855"},{"taxonomy":"post_tag","embeddable":true,"href":"https:\/\/tvc16.com\/portal\/wp-json\/wp\/v2\/tags?post=9855"}],"curies":[{"name":"wp","href":"https:\/\/api.w.org\/{rel}","templated":true}]}}