{"id":98552,"date":"2025-02-04T11:35:47","date_gmt":"2025-02-04T14:35:47","guid":{"rendered":"https:\/\/tvc16.com\/portal\/?p=98552"},"modified":"2025-02-04T11:35:50","modified_gmt":"2025-02-04T14:35:50","slug":"comac-inicia-mais-um-ano-de-formacao-para-jovens-aprendizes","status":"publish","type":"post","link":"https:\/\/tvc16.com\/portal\/2025\/02\/04\/comac-inicia-mais-um-ano-de-formacao-para-jovens-aprendizes\/","title":{"rendered":"COMAC inicia mais um ano de forma\u00e7\u00e3o para jovens aprendizes"},"content":{"rendered":"\n<p><em>Programa Jovem Aprendiz capacita e encaminha jovens para o mercado de trabalho, garantindo qualifica\u00e7\u00e3o profissional e mais chances de efetiva\u00e7\u00e3o<\/em><\/p>\n\n\n\n<p>A COMAC de Petr\u00f3polis j\u00e1 iniciou as atividades do Programa Jovem Aprendiz, que tem como objetivo formar e encaminhar jovens para o mercado de trabalho dentro da legisla\u00e7\u00e3o do Jovem Aprendiz. Mais do que uma simples inser\u00e7\u00e3o profissional, a iniciativa capacita os participantes, garantindo que ingressem no ambiente corporativo preparados para crescer e conquistar uma efetiva\u00e7\u00e3o.<\/p>\n\n\n\n<p>O Programa Jovem Aprendiz \u00e9 uma iniciativa que possibilita a inser\u00e7\u00e3o de jovens no mercado de trabalho por meio de um contrato de aprendizagem, combinando forma\u00e7\u00e3o te\u00f3rica e pr\u00e1tica. Regulamentado pela Lei da Aprendizagem (Lei n\u00ba 10.097\/2000), ele exige que empresas de m\u00e9dio e grande porte contratem um percentual de aprendizes, garantindo que recebam capacita\u00e7\u00e3o profissional em institui\u00e7\u00f5es qualificadas, como a COMAC de Petr\u00f3polis.<\/p>\n\n\n\n<p>Al\u00e9m de proporcionar uma primeira experi\u00eancia profissional, o programa \u00e9 uma porta de entrada para o crescimento na carreira, aumentando as chances de efetiva\u00e7\u00e3o. Com cursos em \u00e1reas como Administra\u00e7\u00e3o, Varejo, Transporte, Produ\u00e7\u00e3o e Limpeza, a COMAC prepara os jovens para os desafios reais do mercado, promovendo a inclus\u00e3o social e o desenvolvimento profissional.<\/p>\n\n\n\n<p>\u201cA COMAC n\u00e3o se limita a colocar o jovem no mercado de trabalho. Nosso objetivo \u00e9 capacit\u00e1-lo para que entre de forma qualificada e conquiste um espa\u00e7o definitivo na empresa\u201d, destaca Teresa Cristina Lisboa, psic\u00f3loga da institui\u00e7\u00e3o. A forma\u00e7\u00e3o oferecida pela COMAC abrange diversas \u00e1reas estrat\u00e9gicas. No curso de Auxiliar Administrativo, por exemplo, os jovens aprendem sobre recursos humanos, contabilidade, faturamento, tesouraria, vendas, compras e recep\u00e7\u00e3o, enquanto na capacita\u00e7\u00e3o para o Varejo s\u00e3o preparados para atuar como operadores de caixa, vendedores, repositores de mercadorias e atendentes de lojas e supermercados. J\u00e1 na \u00e1rea de Transportes, os aprendizes podem se especializar como cobradores, despachantes, ajudantes de motorista e assistentes administrativos, enquanto o curso de Auxiliar de Produ\u00e7\u00e3o os prepara para abastecimento de linhas de produ\u00e7\u00e3o e organiza\u00e7\u00e3o da \u00e1rea de servi\u00e7o.<\/p>\n\n\n\n<p>Al\u00e9m da forma\u00e7\u00e3o te\u00f3rica, a COMAC mant\u00e9m parcerias com empresas para que os jovens tenham a oportunidade de colocar em pr\u00e1tica o que aprendem, aumentando as chances de contrata\u00e7\u00e3o ao final do programa. Empresas interessadas em desenvolver o Programa Jovem Aprendiz podem entrar em contato pelo e-mail <a href=\"mailto:aprendiz@comac.org.br\">aprendiz@comac.org.br<\/a> ou pelo telefone (24) 4104-1062. Com esse trabalho essencial, a COMAC Petr\u00f3polis refor\u00e7a seu compromisso com a profissionaliza\u00e7\u00e3o da juventude e o desenvolvimento social, garantindo oportunidades concretas para um futuro melhor.<\/p>\n","protected":false},"excerpt":{"rendered":"<p>Programa Jovem Aprendiz capacita e encaminha jovens para o mercado de trabalho, garantindo qualifica\u00e7\u00e3o profissional<\/p>\n","protected":false},"author":2,"featured_media":98553,"comment_status":"open","ping_status":"open","sticky":false,"template":"","format":"standard","meta":{"footnotes":""},"categories":[12],"tags":[],"class_list":["post-98552","post","type-post","status-publish","format-standard","has-post-thumbnail","hentry","category-cidade"],"_links":{"self":[{"href":"https:\/\/tvc16.com\/portal\/wp-json\/wp\/v2\/posts\/98552","targetHints":{"allow":["GET"]}}],"collection":[{"href":"https:\/\/tvc16.com\/portal\/wp-json\/wp\/v2\/posts"}],"about":[{"href":"https:\/\/tvc16.com\/portal\/wp-json\/wp\/v2\/types\/post"}],"author":[{"embeddable":true,"href":"https:\/\/tvc16.com\/portal\/wp-json\/wp\/v2\/users\/2"}],"replies":[{"embeddable":true,"href":"https:\/\/tvc16.com\/portal\/wp-json\/wp\/v2\/comments?post=98552"}],"version-history":[{"count":1,"href":"https:\/\/tvc16.com\/portal\/wp-json\/wp\/v2\/posts\/98552\/revisions"}],"predecessor-version":[{"id":98554,"href":"https:\/\/tvc16.com\/portal\/wp-json\/wp\/v2\/posts\/98552\/revisions\/98554"}],"wp:featuredmedia":[{"embeddable":true,"href":"https:\/\/tvc16.com\/portal\/wp-json\/wp\/v2\/media\/98553"}],"wp:attachment":[{"href":"https:\/\/tvc16.com\/portal\/wp-json\/wp\/v2\/media?parent=98552"}],"wp:term":[{"taxonomy":"category","embeddable":true,"href":"https:\/\/tvc16.com\/portal\/wp-json\/wp\/v2\/categories?post=98552"},{"taxonomy":"post_tag","embeddable":true,"href":"https:\/\/tvc16.com\/portal\/wp-json\/wp\/v2\/tags?post=98552"}],"curies":[{"name":"wp","href":"https:\/\/api.w.org\/{rel}","templated":true}]}}