{"id":98555,"date":"2025-02-04T12:37:03","date_gmt":"2025-02-04T15:37:03","guid":{"rendered":"https:\/\/tvc16.com\/portal\/?p=98555"},"modified":"2025-02-05T12:47:05","modified_gmt":"2025-02-05T15:47:05","slug":"policia-civil-prende-homem-por-irregularidades-em-ferro-velho","status":"publish","type":"post","link":"https:\/\/tvc16.com\/portal\/2025\/02\/04\/policia-civil-prende-homem-por-irregularidades-em-ferro-velho\/","title":{"rendered":"Pol\u00edcia Civil prende homem por irregularidades em ferro-velho"},"content":{"rendered":"\n<p><em>Foi a primeira a\u00e7\u00e3o da Opera\u00e7\u00e3o Desmonte do Detran-RJ na Regi\u00e3o Serrana do Rio de Janeiro<\/em><\/p>\n\n\n\n<p>O Detran-RJ realizou nesta ter\u00e7a-feira (04), a primeira a\u00e7\u00e3o da Opera\u00e7\u00e3o Desmonte, na Regi\u00e3o Serrana. A fiscaliza\u00e7\u00e3o foi feita em um ferro-velho no Moinho Preto, em Petr\u00f3polis. Durante a ocorr\u00eancia, o propriet\u00e1rio da empresa foi preso, por ter ao menos um carro que consta como furtado no espa\u00e7o. Tamb\u00e9m foram registradas s\u00e9ries de crimes, e potenciais riscos ambientais, no local.<\/p>\n\n\n\n<p>Os ve\u00edculos que conseguiam sair por conta pr\u00f3pria, ou seja, com o pr\u00f3prio motor, puderam ser retirados por funcion\u00e1rios do ferro-velho. Seguindo a Lei Federal 12.977, todos os outros ve\u00edculos e materiais do ferro-velho ser\u00e3o retirados do local, e encaminhados para um centro de reciclagem, onde o material ser\u00e1 vendido.<\/p>\n\n\n\n<p>O diretor geral da Opera\u00e7\u00e3o Desmonte, delegado Luiz Alberto, destaca que os propriet\u00e1rios ainda podem recuperar o valor dos materiais recolhidos. \u201cSe eles provarem a origem dos ve\u00edculos recolhidos, o dinheiro da reciclagem, que vai ser depositado em uma conta do Detran, poder\u00e1 ser recuperado\u201d, disse.<\/p>\n\n\n\n<p>Ainda de acordo com Luiz Alberto, foi uma ocorr\u00eancia de grande impacto. \u201cEsse ferro-velho aqui \u00e9 de grandes propor\u00e7\u00f5es, mas somente quando retirarmos todos os ve\u00edculos saberemos o seu real tamanho e a quantidade de material. Isso porque existem muitos que est\u00e3o no \u2018meio do mato\u201d, destacou.<\/p>\n\n\n\n<p>Iniciada em agosto de 2023, a For\u00e7a-Tarefa Desmonte, do Governo do Estado, j\u00e1 realizou diversas a\u00e7\u00f5es para fiscalizar ferros-velhos. Essa foi apenas a primeira a\u00e7\u00e3o na Regi\u00e3o Serrana, mas o trabalho seguir\u00e1 em todo interior do estado do Rio de Janeiro.<\/p>\n\n\n\n<p>\u201cN\u00f3s vamos continuar em todo o interior. Esse trabalho n\u00e3o \u00e9 s\u00f3 na Regi\u00e3o Serrana, mas tamb\u00e9m no Sul Fluminense, Norte Fluminense, entre outros. Toda essa \u00e1rea vai ser vistoriada pelo Detran.\u201d afirmou Luiz Alberto.<\/p>\n\n\n\n<p>Participaram da opera\u00e7\u00e3o equipes do Detran, Pol\u00edcia Civil, Pol\u00edcia Militar Ambiental, Inea, Receita Federal e Secretaria de Fazenda. O diretor do Desmonte, ainda destacou que o foco da opera\u00e7\u00e3o n\u00e3o \u00e9 punir os donos de ferro-velho. \u201cO nosso objetivo n\u00e3o \u00e9 punir, e sim credenciar os estabelecimentos como este. Mas aqueles que n\u00e3o est\u00e3o credenciados, infelizmente, n\u00f3s temos que aplicar a legisla\u00e7\u00e3o\u201d, disse.<\/p>\n\n\n\n<p><strong>For\u00e7a-tarefa do Governo do Estado<\/strong><\/p>\n\n\n\n<p>No estabelecimento, no bairro Moinho Preto, foram encontrados um carro e um motor furtados. Os fiscais tamb\u00e9m constataram infra\u00e7\u00f5es ambientais graves. Duas pessoas foram conduzidas em flagrante para a 105\u00aa DP (Petr\u00f3polis). Essa \u00e9 a primeira a\u00e7\u00e3o da for\u00e7a-tarefa na Regi\u00e3o Serrana.<\/p>\n\n\n\n<p>Um carro Mercedes Classe A, furtado em 2021, foi encontrado no local, al\u00e9m de um motor. Para chegar ao ferro-velho, agentes do setor de monitoramento da Diretoria Geral de Atividades de Desmontagem do Detran.RJ, fizeram um levantamento de toda a regi\u00e3o durante 15 dias.<\/p>\n\n\n\n<p>O ferro-velho funcionava em uma extens\u00e3o de cerca de 500 metros da Rua Stefan Zweig. Mais de 100 carca\u00e7as de autom\u00f3veis, al\u00e9m de pe\u00e7as de carros, estavam amontoadas no terreno e na encosta, causando risco de deslizamentos. Algumas sucatas estavam empilhadas pr\u00f3ximo \u00e0 cal\u00e7ada e at\u00e9 mesmo em meio a arbustos, tamb\u00e9m colocando em risco pedestres e ve\u00edculos que passavam pela rua. \u00d3leo de motor e outros res\u00edduos de autom\u00f3veis eram lan\u00e7ados diretamente no solo, o que caracteriza crime ambiental.<\/p>\n\n\n\n<p>De acordo com o Diretor-Geral da Diretoria de Atividades de Desmontagem do Detran.RJ, Luiz Alberto Moreira Coelho, os agentes ter\u00e3o de permanecer no local durante alguns dias para que todas as carca\u00e7as e pe\u00e7as sejam vistoriadas. Com o estabelecimento fechado, o material foi apreendido e ser\u00e1 encaminhado para destrui\u00e7\u00e3o em empresas de reciclagem cadastradas no Detran.<\/p>\n\n\n\n<p>A for\u00e7a-tarefa \u00e9 coordenada pelo Detran.RJ e tem a participa\u00e7\u00e3o das pol\u00edcias Civil e Militar, do Instituto Estadual do Meio Ambiente (Inea), da Secretaria de Estado de Fazenda e do Corpo de Bombeiros. Criada em agosto de 2023 pelo Governo do Estado, a Opera\u00e7\u00e3o Desmonte tem o objetivo de coibir a venda de pe\u00e7as de autom\u00f3veis de proced\u00eancia ilegal, sem notas fiscais e roubadas. A inten\u00e7\u00e3o \u00e9 que todos os ferros-velhos se cadastrem junto ao Detran.RJ para passar a atuar dentro da lei, comercializando pe\u00e7as cadastradas e com notas fiscais.<\/p>\n\n\n\n<p>Desde a cria\u00e7\u00e3o da for\u00e7a-tarefa, foram realizadas 43 opera\u00e7\u00f5es, com 96 ferros-velhos interditados. Outros 66 estabelecimentos se cadastraram junto ao Detran.RJ, passando a fornecer pe\u00e7as cadastradas e de proced\u00eancia comprovada.<\/p>\n\n\n\n<p>Foto e texto por: Hugo Petersen<\/p>\n\n\n\n<p><\/p>\n","protected":false},"excerpt":{"rendered":"<p>Foi a primeira a\u00e7\u00e3o da Opera\u00e7\u00e3o Desmonte do Detran-RJ na Regi\u00e3o Serrana do Rio de<\/p>\n","protected":false},"author":2,"featured_media":98556,"comment_status":"open","ping_status":"open","sticky":false,"template":"","format":"standard","meta":{"footnotes":""},"categories":[12],"tags":[],"class_list":["post-98555","post","type-post","status-publish","format-standard","has-post-thumbnail","hentry","category-cidade"],"_links":{"self":[{"href":"https:\/\/tvc16.com\/portal\/wp-json\/wp\/v2\/posts\/98555","targetHints":{"allow":["GET"]}}],"collection":[{"href":"https:\/\/tvc16.com\/portal\/wp-json\/wp\/v2\/posts"}],"about":[{"href":"https:\/\/tvc16.com\/portal\/wp-json\/wp\/v2\/types\/post"}],"author":[{"embeddable":true,"href":"https:\/\/tvc16.com\/portal\/wp-json\/wp\/v2\/users\/2"}],"replies":[{"embeddable":true,"href":"https:\/\/tvc16.com\/portal\/wp-json\/wp\/v2\/comments?post=98555"}],"version-history":[{"count":4,"href":"https:\/\/tvc16.com\/portal\/wp-json\/wp\/v2\/posts\/98555\/revisions"}],"predecessor-version":[{"id":98612,"href":"https:\/\/tvc16.com\/portal\/wp-json\/wp\/v2\/posts\/98555\/revisions\/98612"}],"wp:featuredmedia":[{"embeddable":true,"href":"https:\/\/tvc16.com\/portal\/wp-json\/wp\/v2\/media\/98556"}],"wp:attachment":[{"href":"https:\/\/tvc16.com\/portal\/wp-json\/wp\/v2\/media?parent=98555"}],"wp:term":[{"taxonomy":"category","embeddable":true,"href":"https:\/\/tvc16.com\/portal\/wp-json\/wp\/v2\/categories?post=98555"},{"taxonomy":"post_tag","embeddable":true,"href":"https:\/\/tvc16.com\/portal\/wp-json\/wp\/v2\/tags?post=98555"}],"curies":[{"name":"wp","href":"https:\/\/api.w.org\/{rel}","templated":true}]}}