{"id":98561,"date":"2025-02-05T05:00:00","date_gmt":"2025-02-05T08:00:00","guid":{"rendered":"https:\/\/tvc16.com\/portal\/?p=98561"},"modified":"2025-02-04T13:29:06","modified_gmt":"2025-02-04T16:29:06","slug":"exposicao-fotografica-em-itaipava-celebra-a-conexao-entre-esportes-aventura-e-natureza-2","status":"publish","type":"post","link":"https:\/\/tvc16.com\/portal\/2025\/02\/05\/exposicao-fotografica-em-itaipava-celebra-a-conexao-entre-esportes-aventura-e-natureza-2\/","title":{"rendered":"Exposi\u00e7\u00e3o fotogr\u00e1fica em Itaipava celebra a conex\u00e3o entre esportes, aventura e natureza"},"content":{"rendered":"\n<p>Os melhores cliques da natureza ganham destaque a partir deste m\u00eas, em Itaipava. O Centro Federal de Educa\u00e7\u00e3o Tecnol\u00f3gica (Cefet) Petr\u00f3polis, em parceria com a SOPEF Fotoclube, apresenta a exposi\u00e7\u00e3o fotogr\u00e1fica \u201cA montanha e os esportes praticados na natureza\u201d, que estar\u00e1 em cartaz no Shopping Vilarejo, de 5 a 28 de fevereiro. A mostra convida o p\u00fablico a explorar, por meio da fotografia, a conex\u00e3o entre o ser humano e o meio ambiente, destacando a pr\u00e1tica de esportes ao ar livre e a riqueza das paisagens montanhosas da regi\u00e3o.<\/p>\n\n\n\n<p>A exposi\u00e7\u00e3o fez parte da programa\u00e7\u00e3o do XIII Congresso Brasileiro de Atividades de Aventura (CBAA) e do VII Congresso Internacional de Atividades de Aventura (CIAA), eventos de grande relev\u00e2ncia para o setor. Al\u00e9m das imagens premiadas no congresso, a mostra contar\u00e1 com trabalhos de fot\u00f3grafos locais convidados, como Andr\u00e9 Carvalho, Evaldo Macedo, F\u00e1bio Fliess e Stefan Reinold, que registram a beleza e as experi\u00eancias na montanha.<\/p>\n\n\n\n<p>\u201cO desafio da fotografia na natureza \u00e9 capturar n\u00e3o apenas a paisagem, mas tamb\u00e9m as emo\u00e7\u00f5es e experi\u00eancias daqueles que interagem com o ambiente. Essa exposi\u00e7\u00e3o \u00e9 uma grande oportunidade de compartilhar muitas hist\u00f3rias visuais\u201d, afirma o fot\u00f3grafo Andr\u00e9 Carvalho.<\/p>\n\n\n\n<p>Entre os destaques da exposi\u00e7\u00e3o est\u00e1 a fotografia de Patr\u00edcia de Ara\u00fajo, que captura uma crian\u00e7a saltando de uma \u00e1rvore para a \u00e1gua na Amaz\u00f4nia Marajoara, evidenciando a intera\u00e7\u00e3o entre o ser humano e a natureza. Outra imagem de grande impacto \u00e9 a do fot\u00f3grafo Andr\u00e9 Carvalho, que apresenta uma experi\u00eancia contrastante na montanha. A exposi\u00e7\u00e3o tamb\u00e9m conta com a foto de Tom Silva, que registra a jovem Let\u00edcia Silva, de apenas 3 anos, iniciando sua experi\u00eancia em atividades ao ar livre em uma trilha na Chapada Diamantina. Al\u00e9m disso, as montanhas da regi\u00e3o de Itaipava s\u00e3o retratadas na obra de F\u00e1bio Fliess.<\/p>\n\n\n\n<p>\u201cA beleza das montanhas e das atividades ao ar livre \u00e9 algo que precisa ser registrado e valorizado. A exposi\u00e7\u00e3o no Shopping Vilarejo permite que mais pessoas tenham contato com essa conex\u00e3o \u00fanica entre o homem e a natureza\u201d, destaca Evaldo Macedo.<\/p>\n\n\n\n<p>Para Tiago Corr\u00eaa, administrador do Shopping Vilarejo, receber a exposi\u00e7\u00e3o refor\u00e7a o compromisso do espa\u00e7o em proporcionar cultura e experi\u00eancias enriquecedoras ao p\u00fablico. \u201cEstamos sempre buscando trazer eventos que ampliem as possibilidades de lazer e conhecimento. A exposi\u00e7\u00e3o de fotografia \u00e9 uma forma de transportar nossos visitantes para cen\u00e1rios incr\u00edveis e inspiradores\u201d, comentou.<\/p>\n\n\n\n<p>O Shopping Vilarejo est\u00e1 com um edital de ocupa\u00e7\u00e3o de espa\u00e7os aberto, convidando artistas e produtores culturais a trazerem suas propostas para enriquecer ainda mais nossa programa\u00e7\u00e3o do complexo. Os interessados em participar do edital podem acessar todas as informa\u00e7\u00f5es e enviar suas propostas pelo site oficial do shopping em www.shoppingvilarejo.com.br. As propostas devem ser enviadas atrav\u00e9s do e-mail administracao@shoppingvilarejo.com.br.<\/p>\n\n\n\n<p>Servi\u00e7o: \u201cA Montanha e os Esportes Praticados na Natureza\u201d<br>\ud83d\uddd3\ufe0f Data: De 5 at\u00e9 28 fevereiro<br>\ud83d\udccd Local: Pra\u00e7a da Lua, Shopping Vilarejo \u2013 Estrada Uni\u00e3o e Ind\u00fastria, 10.035, Itaipava<br>\ud83c\udf9f\ufe0f Gratuito<\/p>\n\n\n\n<p>Foto: divulga\u00e7\u00e3o <\/p>\n","protected":false},"excerpt":{"rendered":"<p>Os melhores cliques da natureza ganham destaque a partir deste m\u00eas, em Itaipava. O Centro<\/p>\n","protected":false},"author":2,"featured_media":98562,"comment_status":"open","ping_status":"open","sticky":false,"template":"","format":"standard","meta":{"footnotes":""},"categories":[12],"tags":[],"class_list":["post-98561","post","type-post","status-publish","format-standard","has-post-thumbnail","hentry","category-cidade"],"_links":{"self":[{"href":"https:\/\/tvc16.com\/portal\/wp-json\/wp\/v2\/posts\/98561","targetHints":{"allow":["GET"]}}],"collection":[{"href":"https:\/\/tvc16.com\/portal\/wp-json\/wp\/v2\/posts"}],"about":[{"href":"https:\/\/tvc16.com\/portal\/wp-json\/wp\/v2\/types\/post"}],"author":[{"embeddable":true,"href":"https:\/\/tvc16.com\/portal\/wp-json\/wp\/v2\/users\/2"}],"replies":[{"embeddable":true,"href":"https:\/\/tvc16.com\/portal\/wp-json\/wp\/v2\/comments?post=98561"}],"version-history":[{"count":1,"href":"https:\/\/tvc16.com\/portal\/wp-json\/wp\/v2\/posts\/98561\/revisions"}],"predecessor-version":[{"id":98563,"href":"https:\/\/tvc16.com\/portal\/wp-json\/wp\/v2\/posts\/98561\/revisions\/98563"}],"wp:featuredmedia":[{"embeddable":true,"href":"https:\/\/tvc16.com\/portal\/wp-json\/wp\/v2\/media\/98562"}],"wp:attachment":[{"href":"https:\/\/tvc16.com\/portal\/wp-json\/wp\/v2\/media?parent=98561"}],"wp:term":[{"taxonomy":"category","embeddable":true,"href":"https:\/\/tvc16.com\/portal\/wp-json\/wp\/v2\/categories?post=98561"},{"taxonomy":"post_tag","embeddable":true,"href":"https:\/\/tvc16.com\/portal\/wp-json\/wp\/v2\/tags?post=98561"}],"curies":[{"name":"wp","href":"https:\/\/api.w.org\/{rel}","templated":true}]}}