{"id":98568,"date":"2025-02-05T05:00:00","date_gmt":"2025-02-05T08:00:00","guid":{"rendered":"https:\/\/tvc16.com\/portal\/?p=98568"},"modified":"2025-02-04T16:44:12","modified_gmt":"2025-02-04T19:44:12","slug":"acep-promove-evento-especial-para-empresarios-com-palestra-sobre-oportunidades-em-2025","status":"publish","type":"post","link":"https:\/\/tvc16.com\/portal\/2025\/02\/05\/acep-promove-evento-especial-para-empresarios-com-palestra-sobre-oportunidades-em-2025\/","title":{"rendered":"ACEP promove evento especial para empres\u00e1rios com palestra sobre oportunidades em 2025"},"content":{"rendered":"\n<p>Na manh\u00e3 desta ter\u00e7a-feira (04), a diretoria da Associa\u00e7\u00e3o Comercial e Empresarial de Petr\u00f3polis (ACEP) realizou um evento especial para seus associados, proporcionando um ambiente de networking e troca de ideias sobre neg\u00f3cios. O encontro teve in\u00edcio com um caf\u00e9 da manh\u00e3, promovendo a intera\u00e7\u00e3o entre os empres\u00e1rios.<\/p>\n\n\n\n<p>Durante o evento, a ACEP apresentou seus novos projetos e iniciativas para fortalecer o ambiente empresarial da regi\u00e3o. O destaque da programa\u00e7\u00e3o foi a palestra do renomado consultor Zoroastro Esteves, que abordou o tema \u201cOportunidades e Desafios 2025\u201d, oferecendo insights estrat\u00e9gicos sobre o cen\u00e1rio econ\u00f4mico e as perspectivas para o pr\u00f3ximo ano.<\/p>\n\n\n\n<p>Al\u00e9m da palestra, os empres\u00e1rios presentes puderam participar ativamente do encontro, fazendo perguntas e sugerindo novas a\u00e7\u00f5es para serem desenvolvidas pela ACEP. A iniciativa refor\u00e7a o compromisso da Associa\u00e7\u00e3o em promover o crescimento do setor empresarial e fomentar um ambiente de neg\u00f3cios din\u00e2mico e inovador.<\/p>\n\n\n\n<p>&#8220;Nossa gest\u00e3o vem trabalhando desde 2023 em prol de nossos associados, criando eventos, palestras, oficinas e treinamentos para capacitar os empres\u00e1rios e empreendedores. Nesse novo bi\u00eanio, com uma diretoria mais robusta e qualificada, queremos trazer o associado para mais perto de nossas a\u00e7\u00f5es, estreitar ainda mais os la\u00e7os e contribuir para o crescimento de sua empresa. Esse caf\u00e9 com networking foi a primeira a\u00e7\u00e3o de 2025, muitas est\u00e3o por vir&#8221;, destacou Paulo Reis, presidente da ACEP.<\/p>\n\n\n\n<p>A ACEP est\u00e1 preparando um ano recheado de novidades que, em breve, ser\u00e3o divulgadas em seu site. Desde palestras gratuitas e novas a\u00e7\u00f5es no \u00e2mbito do projeto &#8220;Cidades Inteligentes&#8221;, at\u00e9 grandes eventos visando o fortalecimento do empreendedorismo local.<\/p>\n\n\n\n<p>Foto: divulga\u00e7\u00e3o <\/p>\n","protected":false},"excerpt":{"rendered":"<p>Na manh\u00e3 desta ter\u00e7a-feira (04), a diretoria da Associa\u00e7\u00e3o Comercial e Empresarial de Petr\u00f3polis (ACEP)<\/p>\n","protected":false},"author":2,"featured_media":98569,"comment_status":"open","ping_status":"open","sticky":false,"template":"","format":"standard","meta":{"footnotes":""},"categories":[12],"tags":[],"class_list":["post-98568","post","type-post","status-publish","format-standard","has-post-thumbnail","hentry","category-cidade"],"_links":{"self":[{"href":"https:\/\/tvc16.com\/portal\/wp-json\/wp\/v2\/posts\/98568","targetHints":{"allow":["GET"]}}],"collection":[{"href":"https:\/\/tvc16.com\/portal\/wp-json\/wp\/v2\/posts"}],"about":[{"href":"https:\/\/tvc16.com\/portal\/wp-json\/wp\/v2\/types\/post"}],"author":[{"embeddable":true,"href":"https:\/\/tvc16.com\/portal\/wp-json\/wp\/v2\/users\/2"}],"replies":[{"embeddable":true,"href":"https:\/\/tvc16.com\/portal\/wp-json\/wp\/v2\/comments?post=98568"}],"version-history":[{"count":1,"href":"https:\/\/tvc16.com\/portal\/wp-json\/wp\/v2\/posts\/98568\/revisions"}],"predecessor-version":[{"id":98570,"href":"https:\/\/tvc16.com\/portal\/wp-json\/wp\/v2\/posts\/98568\/revisions\/98570"}],"wp:featuredmedia":[{"embeddable":true,"href":"https:\/\/tvc16.com\/portal\/wp-json\/wp\/v2\/media\/98569"}],"wp:attachment":[{"href":"https:\/\/tvc16.com\/portal\/wp-json\/wp\/v2\/media?parent=98568"}],"wp:term":[{"taxonomy":"category","embeddable":true,"href":"https:\/\/tvc16.com\/portal\/wp-json\/wp\/v2\/categories?post=98568"},{"taxonomy":"post_tag","embeddable":true,"href":"https:\/\/tvc16.com\/portal\/wp-json\/wp\/v2\/tags?post=98568"}],"curies":[{"name":"wp","href":"https:\/\/api.w.org\/{rel}","templated":true}]}}