{"id":98571,"date":"2025-02-04T16:47:12","date_gmt":"2025-02-04T19:47:12","guid":{"rendered":"https:\/\/tvc16.com\/portal\/?p=98571"},"modified":"2025-02-04T16:47:14","modified_gmt":"2025-02-04T19:47:14","slug":"a-cada-minuto-40-pessoas-sao-diagnosticadas-com-cancer-no-mundo","status":"publish","type":"post","link":"https:\/\/tvc16.com\/portal\/2025\/02\/04\/a-cada-minuto-40-pessoas-sao-diagnosticadas-com-cancer-no-mundo\/","title":{"rendered":"A cada minuto, 40 pessoas s\u00e3o diagnosticadas com c\u00e2ncer no mundo"},"content":{"rendered":"\n<p>No Dia Mundial do C\u00e2ncer, lembrado nesta ter\u00e7a-feira (4), a Organiza\u00e7\u00e3o Mundial da Sa\u00fade (OMS) alertou que, a cada minuto, 40 pessoas s\u00e3o diagnosticadas com a doen\u00e7a em todo o planeta \u2013 e embarcam em uma verdadeira jornada para vencer a enfermidade.<img decoding=\"async\" src=\"https:\/\/agenciabrasil.ebc.com.br\/ebc.png?id=1629059&amp;o=node\"><img decoding=\"async\" src=\"https:\/\/agenciabrasil.ebc.com.br\/ebc.gif?id=1629059&amp;o=node\"><\/p>\n\n\n\n<p>\u201cElas n\u00e3o conseguem ser bem sucedidas sozinhas. Em todo mundo, a OMS trabalha com parceiros para criar coalis\u00f5es globais, catalisar a\u00e7\u00f5es locais e amplificar as vozes de pessoas afetadas pelo c\u00e2ncer\u201d, avaliou o diretor-geral da entidade, Tedros Adhanom Ghebreyesus.<\/p>\n\n\n\n<p>Em seu perfil na rede sociais X, Tedros destacou que a OMS atua em diversas \u00e1reas, desde o fornecimento de medica\u00e7\u00f5es para tratamentos oncol\u00f3gicos pedi\u00e1tricos at\u00e9 campanhas globais para a elimina\u00e7\u00e3o do c\u00e2ncer cervical. \u201cEstamos trabalhando para melhorar a vida de milh\u00f5es de pessoas\u201d.<\/p>\n\n\n\n<p>\u201cNo Dia Mundial do C\u00e2ncer, honramos a coragem daqueles afetados pela doen\u00e7a, celebramos o progresso cient\u00edfico e reafirmamos nosso compromisso de promover sa\u00fade para todos\u201d, concluiu o diretor-geral.<\/p>\n\n\n\n<p>Dentre as orienta\u00e7\u00f5es publicadas pela OMS para reduzir o risco de c\u00e2ncer est\u00e3o:<\/p>\n\n\n\n<p>&#8211; n\u00e3o fumar;<\/p>\n\n\n\n<p>&#8211; praticar atividade f\u00edsica regularmente;<\/p>\n\n\n\n<p>&#8211; comer frutas e verduras;<\/p>\n\n\n\n<p>&#8211; manter um peso corporal saud\u00e1vel;<\/p>\n\n\n\n<p>&#8211; limitar o consumo de \u00e1lcool.<\/p>\n\n\n\n<p>Paula Laboissi\u00e8re \u2013 Rep\u00f3rter da Ag\u00eancia Brasil<br>Foto: \u00a9 Divulga\u00e7\u00e3o\/Sociedade Brasileira de Mastologia<br><br><\/p>\n","protected":false},"excerpt":{"rendered":"<p>No Dia Mundial do C\u00e2ncer, lembrado nesta ter\u00e7a-feira (4), a Organiza\u00e7\u00e3o Mundial da Sa\u00fade (OMS)<\/p>\n","protected":false},"author":2,"featured_media":98572,"comment_status":"open","ping_status":"open","sticky":false,"template":"","format":"standard","meta":{"footnotes":""},"categories":[17],"tags":[],"class_list":["post-98571","post","type-post","status-publish","format-standard","has-post-thumbnail","hentry","category-outras-noticias"],"_links":{"self":[{"href":"https:\/\/tvc16.com\/portal\/wp-json\/wp\/v2\/posts\/98571","targetHints":{"allow":["GET"]}}],"collection":[{"href":"https:\/\/tvc16.com\/portal\/wp-json\/wp\/v2\/posts"}],"about":[{"href":"https:\/\/tvc16.com\/portal\/wp-json\/wp\/v2\/types\/post"}],"author":[{"embeddable":true,"href":"https:\/\/tvc16.com\/portal\/wp-json\/wp\/v2\/users\/2"}],"replies":[{"embeddable":true,"href":"https:\/\/tvc16.com\/portal\/wp-json\/wp\/v2\/comments?post=98571"}],"version-history":[{"count":1,"href":"https:\/\/tvc16.com\/portal\/wp-json\/wp\/v2\/posts\/98571\/revisions"}],"predecessor-version":[{"id":98573,"href":"https:\/\/tvc16.com\/portal\/wp-json\/wp\/v2\/posts\/98571\/revisions\/98573"}],"wp:featuredmedia":[{"embeddable":true,"href":"https:\/\/tvc16.com\/portal\/wp-json\/wp\/v2\/media\/98572"}],"wp:attachment":[{"href":"https:\/\/tvc16.com\/portal\/wp-json\/wp\/v2\/media?parent=98571"}],"wp:term":[{"taxonomy":"category","embeddable":true,"href":"https:\/\/tvc16.com\/portal\/wp-json\/wp\/v2\/categories?post=98571"},{"taxonomy":"post_tag","embeddable":true,"href":"https:\/\/tvc16.com\/portal\/wp-json\/wp\/v2\/tags?post=98571"}],"curies":[{"name":"wp","href":"https:\/\/api.w.org\/{rel}","templated":true}]}}