{"id":98578,"date":"2025-02-04T16:52:47","date_gmt":"2025-02-04T19:52:47","guid":{"rendered":"https:\/\/tvc16.com\/portal\/?p=98578"},"modified":"2025-02-04T16:52:49","modified_gmt":"2025-02-04T19:52:49","slug":"copom-aponta-para-aumento-da-selic-em-1-ponto-em-marco","status":"publish","type":"post","link":"https:\/\/tvc16.com\/portal\/2025\/02\/04\/copom-aponta-para-aumento-da-selic-em-1-ponto-em-marco\/","title":{"rendered":"Copom aponta para aumento da Selic em 1 ponto em mar\u00e7o"},"content":{"rendered":"\n<p>A taxa b\u00e1sica de juros da economia, a Selic, deve aumentar novamente em um ponto percentual (p.p), em mar\u00e7o. \u00c9 o que aponta a ata da reuni\u00e3o do Comit\u00ea de Pol\u00edtica Monet\u00e1ria (Copom) divulgada nesta ter\u00e7a-feira (4). Segundo o Copom, o cen\u00e1rio de infla\u00e7\u00e3o de curto prazo segue adverso, principalmente em raz\u00e3o do aumento nos pre\u00e7os dos alimentos. Mantido esse cen\u00e1rio, o comit\u00ea aponta que a infla\u00e7\u00e3o deve ficar acima da meta pelos pr\u00f3ximos 6 meses.<img decoding=\"async\" src=\"https:\/\/agenciabrasil.ebc.com.br\/ebc.png?id=1629019&amp;o=node\"><img decoding=\"async\" src=\"https:\/\/agenciabrasil.ebc.com.br\/ebc.gif?id=1629019&amp;o=node\"><\/p>\n\n\n\n<p>\u201cDiante da continuidade do cen\u00e1rio adverso para a converg\u00eancia da infla\u00e7\u00e3o, o comit\u00ea antev\u00ea, em se confirmando o cen\u00e1rio esperado, um ajuste de mesma magnitude na pr\u00f3xima reuni\u00e3o\u201d, informa o Copom.<\/p>\n\n\n\n<p>Na semana passada, o&nbsp;<a href=\"https:\/\/agenciabrasil.ebc.com.br\/economia\/noticia\/2025-01\/copom-eleva-juros-basicos-da-economia-para-1325-ao-ano\" target=\"_blank\" rel=\"noreferrer noopener\">comit\u00ea aumentou a Selic para 13,25% ao ano<\/a>, por entender que a decis\u00e3o \u00e9 compat\u00edvel com a estrat\u00e9gia de converg\u00eancia da infla\u00e7\u00e3o para o redor da meta. A ata destacou que os pre\u00e7os dos alimentos se elevaram de forma significativa, em fun\u00e7\u00e3o, dentre outros fatores, da estiagem observada ao longo do ano passado e da eleva\u00e7\u00e3o de pre\u00e7os de carnes, tamb\u00e9m afetada pelo ciclo do boi.<\/p>\n\n\n\n<p>Com rela\u00e7\u00e3o aos bens industrializados, o movimento recente de aumento do d\u00f3lar pressiona pre\u00e7os e margens, sugerindo maior aumento em tais componentes nos pr\u00f3ximos meses.<\/p>\n\n\n\n<p>Para os integrantes do comit\u00ea, esse aumento tende a se propagar para o m\u00e9dio prazo. &#8220;Essa decis\u00e3o [de aumentar a Selic] \u00e9 compat\u00edvel com a estrat\u00e9gia de converg\u00eancia da infla\u00e7\u00e3o para o redor da meta ao longo do horizonte relevante. Sem preju\u00edzo de seu objetivo fundamental de assegurar a estabilidade de pre\u00e7os, essa decis\u00e3o tamb\u00e9m implica suaviza\u00e7\u00e3o das flutua\u00e7\u00f5es do n\u00edvel de atividade econ\u00f4mica e fomento do pleno emprego&#8221;, explica o comit\u00ea na ata.<\/p>\n\n\n\n<p>Ainda segundo o Copom, a infla\u00e7\u00e3o de servi\u00e7os segue acima do n\u00edvel compat\u00edvel com o cumprimento da meta, de acordo com as observa\u00e7\u00f5es mais recentes. A ata destaca que, ao longo dos \u00faltimos trimestres, a atividade econ\u00f4mica manteve o dinamismo, em particular, no ritmo de crescimento do consumo das fam\u00edlias.<\/p>\n\n\n\n<p>Outro ponto destacado \u00e9 que o mercado de trabalho tamb\u00e9m se mostrou aquecido, juntamente com o mercado de cr\u00e9dito. Esse quadro foge do cen\u00e1rio-base defendido pelo comit\u00ea para o recuo da infla\u00e7\u00e3o. Esse cen\u00e1rio envolve uma pol\u00edtica econ\u00f4mica contracionista, com desacelera\u00e7\u00e3o da atividade econ\u00f4mica.<\/p>\n\n\n\n<p>\u201cFoi destacado, na an\u00e1lise de curto prazo, que, em se concretizando as proje\u00e7\u00f5es do cen\u00e1rio de refer\u00eancia, a infla\u00e7\u00e3o acumulada em 12 meses permanecer\u00e1 acima do limite superior do intervalo de toler\u00e2ncia da meta nos pr\u00f3ximos 6 meses consecutivos. Desse modo, com a infla\u00e7\u00e3o de junho deste ano, configurar-se-ia descumprimento da meta sob a nova sistem\u00e1tica do regime de metas\u201d, disse o Copom.<\/p>\n\n\n\n<p>O regime de meta de infla\u00e7\u00e3o determina que o \u00edndice deve ficar em 3% no acumulado em 12 meses, com bandas de 1,5 p.p. para cima ou para baixo. Se ficar acima do limite da banda por mais de 6 meses seguidos, h\u00e1 o descumprimento da meta.<\/p>\n\n\n\n<p>O BC voltou a apontar o dinamismo da economia com vigor nas concess\u00f5es de cr\u00e9dito amplo, pol\u00edtica fiscal expansionista e o fomento do pleno emprego como fatores que t\u00eam dado suporte ao consumo e \u00e0 demanda agregada, pressionando a infla\u00e7\u00e3o.<\/p>\n\n\n\n<p>O Copom adiantou que vai seguir observando esses fatores para o desempenho da \u201cestrat\u00e9gia de converg\u00eancia da infla\u00e7\u00e3o para o redor da meta ao longo do horizonte relevante\u201d.<\/p>\n\n\n\n<p>&#8220;Como o mercado de trabalho segue aquecido, \u00e9 dif\u00edcil avaliar em que medida uma eventual desacelera\u00e7\u00e3o refletiria enfraquecimento da demanda ou press\u00f5es de oferta, portanto, com impactos diferentes sobre a infla\u00e7\u00e3o. O Comit\u00ea seguir\u00e1 acompanhando a atividade econ\u00f4mica e refor\u00e7a que o arrefecimento da demanda agregada \u00e9 um elemento essencial do processo de reequil\u00edbrio entre oferta e demanda da economia e converg\u00eancia da infla\u00e7\u00e3o \u00e0 meta\u201d.<\/p>\n\n\n\n<p>Em rela\u00e7\u00e3o ao cen\u00e1rio externo, o Copom aponta ainda que o cen\u00e1rio tamb\u00e9m permanece desafiador, em fun\u00e7\u00e3o, principalmente, da conjuntura e da pol\u00edtica econ\u00f4mica nos Estados Unidos. O cen\u00e1rio-base do comit\u00ea segue sendo de desacelera\u00e7\u00e3o gradual e ordenada da economia norte-americana.<\/p>\n\n\n\n<p>Entretanto, o comit\u00ea chama a aten\u00e7\u00e3o para algumas incertezas na pol\u00edtica econ\u00f4mica, tais como a introdu\u00e7\u00e3o de tarifas \u00e0 importa\u00e7\u00e3o, ado\u00e7\u00e3o de poss\u00edveis est\u00edmulos fiscais, restri\u00e7\u00f5es na oferta de trabalho, e altera\u00e7\u00f5es importantes em pre\u00e7os relativos decorrentes de reorienta\u00e7\u00f5es da matriz energ\u00e9tica, \u201co que pode impactar negativamente as condi\u00e7\u00f5es financeiras e os fluxos de capital para economias emergentes.\u201d<\/p>\n\n\n\n<p>\u201cO comit\u00ea acompanhou com aten\u00e7\u00e3o os movimentos do c\u00e2mbio, que tem reagido, notadamente, \u00e0s not\u00edcias fiscais dom\u00e9sticas, \u00e0s not\u00edcias da pol\u00edtica econ\u00f4mica norte-americana e ao diferencial de juros. A consecu\u00e7\u00e3o de determinadas pol\u00edticas nos Estados Unidos pode pressionar os pre\u00e7os de ativos dom\u00e9sticos\u201d, diz a ata.<\/p>\n\n\n\n<p>Luciano Nascimento &#8211; Rep\u00f3rter da Ag\u00eancia Brasil<br>Foto: \u00a9 Raphael Ribeiro\/ Banco Central<br><br><\/p>\n","protected":false},"excerpt":{"rendered":"<p>A taxa b\u00e1sica de juros da economia, a Selic, deve aumentar novamente em um ponto<\/p>\n","protected":false},"author":2,"featured_media":98579,"comment_status":"open","ping_status":"open","sticky":false,"template":"","format":"standard","meta":{"footnotes":""},"categories":[17],"tags":[],"class_list":["post-98578","post","type-post","status-publish","format-standard","has-post-thumbnail","hentry","category-outras-noticias"],"_links":{"self":[{"href":"https:\/\/tvc16.com\/portal\/wp-json\/wp\/v2\/posts\/98578","targetHints":{"allow":["GET"]}}],"collection":[{"href":"https:\/\/tvc16.com\/portal\/wp-json\/wp\/v2\/posts"}],"about":[{"href":"https:\/\/tvc16.com\/portal\/wp-json\/wp\/v2\/types\/post"}],"author":[{"embeddable":true,"href":"https:\/\/tvc16.com\/portal\/wp-json\/wp\/v2\/users\/2"}],"replies":[{"embeddable":true,"href":"https:\/\/tvc16.com\/portal\/wp-json\/wp\/v2\/comments?post=98578"}],"version-history":[{"count":1,"href":"https:\/\/tvc16.com\/portal\/wp-json\/wp\/v2\/posts\/98578\/revisions"}],"predecessor-version":[{"id":98580,"href":"https:\/\/tvc16.com\/portal\/wp-json\/wp\/v2\/posts\/98578\/revisions\/98580"}],"wp:featuredmedia":[{"embeddable":true,"href":"https:\/\/tvc16.com\/portal\/wp-json\/wp\/v2\/media\/98579"}],"wp:attachment":[{"href":"https:\/\/tvc16.com\/portal\/wp-json\/wp\/v2\/media?parent=98578"}],"wp:term":[{"taxonomy":"category","embeddable":true,"href":"https:\/\/tvc16.com\/portal\/wp-json\/wp\/v2\/categories?post=98578"},{"taxonomy":"post_tag","embeddable":true,"href":"https:\/\/tvc16.com\/portal\/wp-json\/wp\/v2\/tags?post=98578"}],"curies":[{"name":"wp","href":"https:\/\/api.w.org\/{rel}","templated":true}]}}