{"id":9859,"date":"2021-01-24T15:59:12","date_gmt":"2021-01-24T18:59:12","guid":{"rendered":"https:\/\/tvc16.com\/portal\/?p=9859"},"modified":"2021-01-24T15:59:16","modified_gmt":"2021-01-24T18:59:16","slug":"quatro-jogadores-e-presidente-do-palmas-morrem-em-acidente-aereo","status":"publish","type":"post","link":"https:\/\/tvc16.com\/portal\/2021\/01\/24\/quatro-jogadores-e-presidente-do-palmas-morrem-em-acidente-aereo\/","title":{"rendered":"Quatro jogadores e presidente do Palmas morrem em acidente a\u00e9reo"},"content":{"rendered":"\n<h3 class=\"wp-block-heading\">Pitoto tamb\u00e9m n\u00e3o sobreviveu ap\u00f3s queda e explos\u00e3o da aeronave<\/h3>\n\n\n\n<p>A queda de um avi\u00e3o de pequeno porte, logo ap\u00f3s a decolagem, na manh\u00e3 deste domingo (24), causou a morte de quatro jogadores e do presidente do Palmas-TO, al\u00e9m do piloto. A aeronave foi tomada pelas chamas, ap\u00f3s a queda em um pista de pouso particular no distrito de Luzimangues (TO), a cerca de oito quil\u00f4metros da capital Palmas. Morreram o presidente do clube, Lucas Meira, de 32 anos;\u00a0 os jogadores Lucas Praxedes (23 anos), Guilherme No\u00e9 (28), Ranule (27), e Marcus Molinari (23), al\u00e9m do piloto da aeronave, identificado apenas como Wagner.<img decoding=\"async\" src=\"https:\/\/agenciabrasil.ebc.com.br\/ebc.png?id=1399574&amp;o=node\"><img decoding=\"async\" src=\"https:\/\/agenciabrasil.ebc.com.br\/ebc.gif?id=1399574&amp;o=node\"><\/p>\n\n\n\n<p>O time da S\u00e9rie D do Campeonato Brasileiro viajaria nesta manh\u00e3 para Goi\u00e2nia, onde jogaria nesta segunda-feira (25) com o Vila Nova, em partida das oitavas de final da Copa Verde. A partida foi suspensa pela Confedera\u00e7\u00e3o Brasileira de Futebol (CBF). Em\u00a0<strong><a href=\"https:\/\/www.cbf.com.br\/futebol-brasileiro\/noticias\/copa-verde\/nota-de-pesar-5\">nota de pesar\u00a0<\/a>\u00a0<\/strong>a entidade disse estar &#8220;profundamente consternada&#8221;,\u00a0se solidarizou com\u00a0as fam\u00edlias das v\u00edtimas, e decretou que seja respeitado um minuto de sil\u00eancio em todos os jogos deste domingo no pa\u00eds.<\/p>\n\n\n\n<p>A trag\u00e9dia causou como\u00e7\u00e3o e in\u00fameras homenagens foram publicadas nas redes sociais. O Vila Nova, que enfrentaria o Palmas amanh\u00e3, foi um dos primeiros a postar mensagem de pesar.<\/p>\n\n\n\n<p>A Chapecoense, v\u00edtima h\u00e1 menos de cinco anos de um tr\u00e1gico acidente a\u00e9reo que matou\u00a019 de um total de 22 jogadores, tamb\u00e9m recorreu ao Twitter para expressar luto. Em novembro de 2016 o time estava em um voo para Col\u00f4mbia, onde enfrentaria\u00a0o Atl\u00e9tico Nacional pela Copa Sul-Americana. Parte dos 77 ocupantes\u00a0eram jornalistas. Apenas seis pessoas sobrevieram \u00e0\u00a0queda da aeronave (os jogadores Follmann, Neto e Alan Ruschel ,dois tripulantes e o jornalista Rafael Henzel). <\/p>\n\n\n\n<p>Grandes clubes brasileiros tamb\u00e9m publicaram mensagens de pesar e de solidariedade aos familiares das v\u00edtimas.\u00a0<\/p>\n\n\n\n<p><\/p>\n\n\n\n<p>Por Ag\u00eancia Brasil &#8211; Rio de Janeiro<\/p>\n","protected":false},"excerpt":{"rendered":"<p>Pitoto tamb\u00e9m n\u00e3o sobreviveu ap\u00f3s queda e explos\u00e3o da aeronave A queda de um avi\u00e3o<\/p>\n","protected":false},"author":2,"featured_media":9860,"comment_status":"open","ping_status":"open","sticky":false,"template":"","format":"standard","meta":{"footnotes":""},"categories":[17],"tags":[],"class_list":["post-9859","post","type-post","status-publish","format-standard","has-post-thumbnail","hentry","category-outras-noticias"],"_links":{"self":[{"href":"https:\/\/tvc16.com\/portal\/wp-json\/wp\/v2\/posts\/9859","targetHints":{"allow":["GET"]}}],"collection":[{"href":"https:\/\/tvc16.com\/portal\/wp-json\/wp\/v2\/posts"}],"about":[{"href":"https:\/\/tvc16.com\/portal\/wp-json\/wp\/v2\/types\/post"}],"author":[{"embeddable":true,"href":"https:\/\/tvc16.com\/portal\/wp-json\/wp\/v2\/users\/2"}],"replies":[{"embeddable":true,"href":"https:\/\/tvc16.com\/portal\/wp-json\/wp\/v2\/comments?post=9859"}],"version-history":[{"count":1,"href":"https:\/\/tvc16.com\/portal\/wp-json\/wp\/v2\/posts\/9859\/revisions"}],"predecessor-version":[{"id":9861,"href":"https:\/\/tvc16.com\/portal\/wp-json\/wp\/v2\/posts\/9859\/revisions\/9861"}],"wp:featuredmedia":[{"embeddable":true,"href":"https:\/\/tvc16.com\/portal\/wp-json\/wp\/v2\/media\/9860"}],"wp:attachment":[{"href":"https:\/\/tvc16.com\/portal\/wp-json\/wp\/v2\/media?parent=9859"}],"wp:term":[{"taxonomy":"category","embeddable":true,"href":"https:\/\/tvc16.com\/portal\/wp-json\/wp\/v2\/categories?post=9859"},{"taxonomy":"post_tag","embeddable":true,"href":"https:\/\/tvc16.com\/portal\/wp-json\/wp\/v2\/tags?post=9859"}],"curies":[{"name":"wp","href":"https:\/\/api.w.org\/{rel}","templated":true}]}}