{"id":98590,"date":"2025-02-08T05:00:00","date_gmt":"2025-02-08T08:00:00","guid":{"rendered":"https:\/\/tvc16.com\/portal\/?p=98590"},"modified":"2025-02-05T13:56:47","modified_gmt":"2025-02-05T16:56:47","slug":"do-sonho-a-realidade-jovem-bolsista-da-escola-de-musica-santa-cecilia-trilha-caminho-promissor-na-musica","status":"publish","type":"post","link":"https:\/\/tvc16.com\/portal\/2025\/02\/08\/do-sonho-a-realidade-jovem-bolsista-da-escola-de-musica-santa-cecilia-trilha-caminho-promissor-na-musica\/","title":{"rendered":"Do sonho \u00e0 realidade: jovem bolsista da Escola de M\u00fasica Santa Cec\u00edlia trilha caminho promissor na m\u00fasica"},"content":{"rendered":"\n<p>A m\u00fasica sempre esteve presente na vida de Gabriel Alves, mas foi na Escola de M\u00fasica Santa Cec\u00edlia que ele encontrou o caminho para se aprofundar e transformar seu talento em uma possibilidade real de atua\u00e7\u00e3o no cen\u00e1rio musical. Bolsista da institui\u00e7\u00e3o sem fins lucrativos, ele passou por um intenso processo de aprendizado, superou desafios e hoje j\u00e1 d\u00e1 seus primeiros passos na m\u00fasica profissionalmente.<\/p>\n\n\n\n<p>\u201cMeu interesse pela m\u00fasica come\u00e7ou muito cedo, ainda na escola fundamental, quando tive meu primeiro contato com oficinas musicais. Mas foi no Santa Cec\u00edlia que esse interesse se tornou algo mais s\u00e9rio. A escola me deu um novo degrau de aprofundamento, um espa\u00e7o para evoluir e construir uma base s\u00f3lida para outros projetos\u201d, conta Gabriel.<\/p>\n\n\n\n<p>A trajet\u00f3ria do jovem \u00e9 um reflexo do impacto que a Escola de M\u00fasica Santa Cec\u00edlia tem na vida de seus alunos. Al\u00e9m do aprendizado t\u00e9cnico, a viv\u00eancia na institui\u00e7\u00e3o proporcionou a ele o desenvolvimento pessoal. \u201cTer essas bolsas me marcou muito, n\u00e3o apenas na parte musical, mas tamb\u00e9m pessoalmente. Eu era muito t\u00edmido, tinha medo de palco, e me apresentar ao menos duas vezes por ano me ajudou bastante nisso. Hoje, mesmo fora da m\u00fasica, consigo me expressar melhor no trabalho e nas rela\u00e7\u00f5es do dia a dia\u201d, destaca.<\/p>\n\n\n\n<p>Janine Meirelles, presidente volunt\u00e1ria da Escola de M\u00fasica Santa Cec\u00edlia, refor\u00e7a que a miss\u00e3o da institui\u00e7\u00e3o vai al\u00e9m do ensino musical: \u201cA escola tem o compromisso de transformar vidas. N\u00e3o se trata apenas de ensinar um instrumento, mas de oferecer oportunidades para que jovens desenvolvam sua express\u00e3o art\u00edstica, autoconfian\u00e7a e novas perspectivas. Ver Gabriel caminhando t\u00e3o bem, sendo grato pelo que aprendeu aqui, nos enche de alegria e reafirma o prop\u00f3sito do nosso trabalho\u201d.<\/p>\n\n\n\n<p>Entre os desafios enfrentados por Gabriel durante sua forma\u00e7\u00e3o, a administra\u00e7\u00e3o do tempo foi um dos maiores obst\u00e1culos. \u201cEu j\u00e1 trabalhava enquanto fazia as aulas, ent\u00e3o precisava ajustar minha rotina constantemente. Al\u00e9m disso, tive bastante dificuldade com leitura de partitura, mas fui superando com pr\u00e1tica e ajuda dos professores. A escola sempre me deu apoio para conciliar tudo\u201d, relembra.<\/p>\n\n\n\n<p>O jovem m\u00fasico j\u00e1 est\u00e1 envolvido em projetos para o Carnaval e participa\u00e7\u00f5es em apresenta\u00e7\u00f5es pela cidade, al\u00e9m de ter recebido convites para tocar em eventos ao lado de outros alunos e ex-alunos da institui\u00e7\u00e3o. \u201cPor causa da escola, conheci pessoas que me abriram portas. J\u00e1 fiz participa\u00e7\u00e3o em shows e estou desenvolvendo novos projetos. Meu maior objetivo \u00e9 ser bem-sucedido na m\u00fasica e seguir evoluindo\u201d, afirma.<\/p>\n\n\n\n<p>Para aqueles que sonham em seguir uma carreira musical, Gabriel deixa um conselho: \u201cAproveitem ao m\u00e1ximo as oportunidades. Ser bolsista \u00e9 um presente, e perder uma aula \u00e9 perder um investimento no pr\u00f3prio conhecimento. \u00c9 preciso estudar, ter perseveran\u00e7a e investir no que se ama. A Escola de M\u00fasica Santa Cec\u00edlia \u00e9 um espa\u00e7o de aprendizado, de crescimento e de realiza\u00e7\u00e3o. Quem tem essa chance deve agarr\u00e1-la com tudo\u201d.<\/p>\n\n\n\n<p>A hist\u00f3ria de Gabriel \u00e9 apenas uma entre tantas que a Escola de M\u00fasica Santa Cec\u00edlia tem ajudado a construir. Com dedica\u00e7\u00e3o e incentivo, jovens talentos encontram na arte um caminho para um futuro promissor, provando que a m\u00fasica, mais do que um dom, pode ser um instrumento de transforma\u00e7\u00e3o social.<\/p>\n\n\n\n<p>Foto: divulga\u00e7\u00e3o <\/p>\n","protected":false},"excerpt":{"rendered":"<p>A m\u00fasica sempre esteve presente na vida de Gabriel Alves, mas foi na Escola de<\/p>\n","protected":false},"author":2,"featured_media":98591,"comment_status":"open","ping_status":"open","sticky":false,"template":"","format":"standard","meta":{"footnotes":""},"categories":[12],"tags":[],"class_list":["post-98590","post","type-post","status-publish","format-standard","has-post-thumbnail","hentry","category-cidade"],"_links":{"self":[{"href":"https:\/\/tvc16.com\/portal\/wp-json\/wp\/v2\/posts\/98590","targetHints":{"allow":["GET"]}}],"collection":[{"href":"https:\/\/tvc16.com\/portal\/wp-json\/wp\/v2\/posts"}],"about":[{"href":"https:\/\/tvc16.com\/portal\/wp-json\/wp\/v2\/types\/post"}],"author":[{"embeddable":true,"href":"https:\/\/tvc16.com\/portal\/wp-json\/wp\/v2\/users\/2"}],"replies":[{"embeddable":true,"href":"https:\/\/tvc16.com\/portal\/wp-json\/wp\/v2\/comments?post=98590"}],"version-history":[{"count":1,"href":"https:\/\/tvc16.com\/portal\/wp-json\/wp\/v2\/posts\/98590\/revisions"}],"predecessor-version":[{"id":98592,"href":"https:\/\/tvc16.com\/portal\/wp-json\/wp\/v2\/posts\/98590\/revisions\/98592"}],"wp:featuredmedia":[{"embeddable":true,"href":"https:\/\/tvc16.com\/portal\/wp-json\/wp\/v2\/media\/98591"}],"wp:attachment":[{"href":"https:\/\/tvc16.com\/portal\/wp-json\/wp\/v2\/media?parent=98590"}],"wp:term":[{"taxonomy":"category","embeddable":true,"href":"https:\/\/tvc16.com\/portal\/wp-json\/wp\/v2\/categories?post=98590"},{"taxonomy":"post_tag","embeddable":true,"href":"https:\/\/tvc16.com\/portal\/wp-json\/wp\/v2\/tags?post=98590"}],"curies":[{"name":"wp","href":"https:\/\/api.w.org\/{rel}","templated":true}]}}