{"id":98599,"date":"2025-02-05T12:33:36","date_gmt":"2025-02-05T15:33:36","guid":{"rendered":"https:\/\/tvc16.com\/portal\/?p=98599"},"modified":"2025-02-05T12:33:39","modified_gmt":"2025-02-05T15:33:39","slug":"supremo-retoma-julgamento-sobre-letalidade-policial-no-rio","status":"publish","type":"post","link":"https:\/\/tvc16.com\/portal\/2025\/02\/05\/supremo-retoma-julgamento-sobre-letalidade-policial-no-rio\/","title":{"rendered":"Supremo retoma julgamento sobre letalidade policial no Rio"},"content":{"rendered":"\n<p>No retorno dos estudantes \u00e0s salas de aula \u00e9 importante que os respons\u00e1veis confiram se a carteira de vacina\u00e7\u00e3o est\u00e1 em dia. &#8220;Toda vez que voc\u00ea tiver um grupo grande de crian\u00e7as ou de adolescentes convivendo,&nbsp;tem um aumento de risco de transmiss\u00e3o de doen\u00e7as. Ent\u00e3o, \u00e9 por isso que vacinar significa&nbsp;se proteger daquela doen\u00e7a e tamb\u00e9m proteger a coletividade&#8221;, explica a diretora da Sociedade Brasileira de Imuniza\u00e7\u00f5es (SBIm), Isabella Balallai.<img decoding=\"async\" src=\"https:\/\/agenciabrasil.ebc.com.br\/ebc.png?id=1629143&amp;o=node\"><img decoding=\"async\" src=\"https:\/\/agenciabrasil.ebc.com.br\/ebc.gif?id=1629143&amp;o=node\"><\/p>\n\n\n\n<p>Atualmente, o Sistema \u00danico de Sa\u00fade (SUS) oferece 16 vacinas para crian\u00e7as e adolescentes que protegem contra mais de 20 doen\u00e7as, al\u00e9m das vacinas contra dengue, que \u00e9 aplicada em regi\u00f5es do pa\u00eds com maior risco de cont\u00e1gio, contra a&nbsp;<em>influenza<\/em>, que tem campanha anual, e de alguns imunizantes especiais para p\u00fablicos espec\u00edficos. Algumas delas t\u00eam esquema de duas ou tr\u00eas doses,&nbsp;outras exigem dose de refor\u00e7o algum tempo depois do esquema inicial para que a prote\u00e7\u00e3o permane\u00e7a alta. Ou seja: a prote\u00e7\u00e3o efetiva depende de muitas idas ao posto de sa\u00fade e n\u00e3o apenas para os beb\u00eas.<\/p>\n\n\n\n<p>Para a imunologista e gerente m\u00e9dica de vacinas da farmac\u00eautica GSK, &nbsp;Ana Medina, isso mostra como o calend\u00e1rio vacinal do Brasil \u00e9 robusto, mas pode confundir os respons\u00e1veis. Por isso, momentos de prepara\u00e7\u00e3o para novos ciclos, como a volta \u00e0s aulas, s\u00e3o uma boa oportunidade de conferir a carteira de vacina\u00e7\u00e3o.<\/p>\n\n\n\n<p>&#8220;A gente fica num per\u00edodo de f\u00e9rias, naquele ambiente mais familiar, com&nbsp;possibilidade menor de cont\u00e1gio e depois&nbsp;passa para aquele ambiente escolar que, por mais seguro que seja,&nbsp;tem aglomera\u00e7\u00e3o, muitas vezes \u00e9 uma sala fechada, com ar condicionado e tudo isso favorece transmiss\u00e3o de doen\u00e7as infecciosas de uma forma geral. E a gente tem ainda o compartilhamento de objetos: a crian\u00e7a pequena pega o brinquedo, coloca na boca, outra crian\u00e7a pega e coloca na boca tamb\u00e9m, um adolescente empresta um batom, um copo. E eles voltam com aquela saudade n\u00e9? Ent\u00e3o querem abra\u00e7ar, beijar&#8221;, alerta a especialista.<\/p>\n\n\n\n<p>A diretora da SBIm, Isabella Ballalai, destaca algumas doen\u00e7as infeciosas que podem ter desfechos graves em crian\u00e7as, mas s\u00e3o preven\u00edveis por vacinas: &#8220;30% dos infectados por meningite pneumoc\u00f3cica morrem e 20% dos que tem meningite meningoc\u00f3cica morrem. E dos que sobrevivem, um em cada cinco vai ter sequela grave como amputa\u00e7\u00e3o dos membros, entre outras, para o resto da vida&#8221;. Essas doen\u00e7as s\u00e3o causadas por bact\u00e9rias do tipo pneumococo e meningococo, mas o SUS oferece as vacinas Pneumo-10, Meningo C e Meningo ACWY que protegem contra os sorotipos mais prevalentes.<\/p>\n\n\n\n<p>Ela tamb\u00e9m cita a coqueluche, infec\u00e7\u00e3o respirat\u00f3ria causada por bact\u00e9ria, que atinge principalmente os beb\u00eas e t\u00eam causado surtos em diversos locais. Em 2024, o Brasil registrou mais de 6.700 casos da doen\u00e7a, 31 vezes mais do que em 2023, e 28 mortes. A vacina Penta, aplicada nas crian\u00e7as, protege contra a coqueluche e tamb\u00e9m contra difteria, t\u00e9tano, hepatite B e infec\u00e7\u00f5es por&nbsp;<em>Haemophilus influenzae B<\/em>, mas \u00e9 essencial que as mulheres gr\u00e1vidas recebam o imunizante dTpa em todas as gesta\u00e7\u00f5es, para que o beb\u00ea j\u00e1 nas\u00e7a com anticorpos.<\/p>\n\n\n\n<p>Isabela&nbsp;lembra a covid-19: &#8220;A pandemia est\u00e1 numa situa\u00e7\u00e3o muit\u00edssimo melhor, mas a gente ainda tem muitos casos e muitas mortes. E o segundo grupo que mais morre de covid-19 no Brasil \u00e9 de crian\u00e7as menores de 1 ano que n\u00e3o est\u00e3o vacinadas&#8221;. Desde o ano passado, a vacina contra a covid-19 faz parte do calend\u00e1rio b\u00e1sico do SUS e todas as crian\u00e7as de 6 meses a menos de 5 anos devem receber duas&nbsp;ou tr\u00eas&nbsp;doses, dependendo do imunizante. Mas, de acordo com o painel de cobertura vacinal do Minist\u00e9rio da Sa\u00fade, s\u00f3 32,4% do p\u00fablico-alvo de at\u00e9 4 anos tomaram&nbsp;pelo menos duas&nbsp;doses.<\/p>\n\n\n\n<p>A diretora da SBIm&nbsp;tamb\u00e9m ressalta que a vacina\u00e7\u00e3o de crian\u00e7as e adolescentes ajuda a prevenir o adoecimento da popula\u00e7\u00e3o em geral, porque eles s\u00e3o grandes vetores de agentes infecciosos: &nbsp;&#8220;A literatura mostra que a primeira onda de casos de&nbsp;<em>influenza<\/em>&nbsp;na sazonalidade ocorre&nbsp;entre as crian\u00e7as. Ent\u00e3o, no ambiente coletivo como a escola, os surtos s\u00e3o mais do que comuns: essas crian\u00e7as se infectam, adoecem e transmitem a&nbsp;<em>influenza<\/em>&#8220;. \u00c9 tamb\u00e9m por essa raz\u00e3o que as crian\u00e7as de seis meses at\u00e9 menores de 6 anos devem ser imunizadas nas campanhas anuais. Crian\u00e7as e adolescente tamb\u00e9m s\u00e3o os maiores transmissores de pneumococos e meningococos.<\/p>\n\n\n\n<p>Para que essa cadeia de transmiss\u00e3o seja interrompida, ela recomenda que estudantes com sintomas como febre, tosse e coriza fiquem em casa enquanto estiverem doentes e pelo menos mais 24 horas, depois que os sintomas cessarem. Outra medida essencial \u00e9 a vacina\u00e7\u00e3o dos profissionais das escolas, para que eles n\u00e3o se contaminem e n\u00e3o transmitam doen\u00e7as aos alunos.<\/p>\n\n\n\n<p>A imunologista Ana Medina complementa que as escolas precisam ser aliadas da vacina\u00e7\u00e3o, promovendo educa\u00e7\u00e3o em sa\u00fade, mas ressalta: &#8220;Tem que buscar fontes corretas de informa\u00e7\u00e3o. A gente tem o&nbsp;<a href=\"https:\/\/www.gov.br\/saude\/pt-br\" target=\"_blank\" rel=\"noreferrer noopener\"><em>site&nbsp;<\/em>do Minist\u00e9rio da Sa\u00fade<\/a>, com uma s\u00e9rie de informa\u00e7\u00f5es adequadas sobre atualiza\u00e7\u00e3o de carteira de vacina\u00e7\u00e3o, tem o&nbsp;<a href=\"https:\/\/sbim.org.br\/home\"><em>site<\/em>&nbsp;da Sociedade Brasileira de Imuniza\u00e7\u00f5es<\/a>, que inclusive tem uma parte voltada para o p\u00fablico leigo falando sobre as diferentes doen\u00e7as. Educa\u00e7\u00e3o com fontes confi\u00e1veis: esse \u00e9 o primeiro ponto.&#8221;<\/p>\n\n\n\n<p>Ela tamb\u00e9m refor\u00e7a que os respons\u00e1veis n\u00e3o devem ter&nbsp;medo de vacinar seus filhos, porque todos os imunizantes autorizados para uso na rede p\u00fablica ou privada&nbsp;passam por rigorosos testes de seguran\u00e7a: &#8220;E os estudos de seguran\u00e7a nunca param. Depois que a vacina \u00e9 lan\u00e7ada no mercado, a gente tem o que&nbsp;chama de estudo de fase 4, que s\u00e3o os estudos de farmacovigil\u00e2ncia. Essa seguran\u00e7a \u00e9 acompanhada ao longo da utiliza\u00e7\u00e3o da vacina. E quando voc\u00ea olha todos os estudos, as principais rea\u00e7\u00f5es adversas geralmente s\u00e3o&nbsp;locais, aquela dor no local da aplica\u00e7\u00e3o, um incha\u00e7o, um avermelhamento. Isso \u00e9 esperado de boa parte das vacinas, mas s\u00e3o rea\u00e7\u00f5es aceit\u00e1veis, especialmente quando a gente compara com a gravidade das doen\u00e7as que elas previnem.&#8221;<\/p>\n\n\n\n<p>Tamara Freire &#8211; Rep\u00f3rter do Radiojornalismo<br>Foto: \u00a9 T\u00e2nia R\u00eago\/Ag\u00eancia Brasil<br><br><\/p>\n","protected":false},"excerpt":{"rendered":"<p>No retorno dos estudantes \u00e0s salas de aula \u00e9 importante que os respons\u00e1veis confiram se<\/p>\n","protected":false},"author":2,"featured_media":98600,"comment_status":"open","ping_status":"open","sticky":false,"template":"","format":"standard","meta":{"footnotes":""},"categories":[17],"tags":[],"class_list":["post-98599","post","type-post","status-publish","format-standard","has-post-thumbnail","hentry","category-outras-noticias"],"_links":{"self":[{"href":"https:\/\/tvc16.com\/portal\/wp-json\/wp\/v2\/posts\/98599","targetHints":{"allow":["GET"]}}],"collection":[{"href":"https:\/\/tvc16.com\/portal\/wp-json\/wp\/v2\/posts"}],"about":[{"href":"https:\/\/tvc16.com\/portal\/wp-json\/wp\/v2\/types\/post"}],"author":[{"embeddable":true,"href":"https:\/\/tvc16.com\/portal\/wp-json\/wp\/v2\/users\/2"}],"replies":[{"embeddable":true,"href":"https:\/\/tvc16.com\/portal\/wp-json\/wp\/v2\/comments?post=98599"}],"version-history":[{"count":1,"href":"https:\/\/tvc16.com\/portal\/wp-json\/wp\/v2\/posts\/98599\/revisions"}],"predecessor-version":[{"id":98601,"href":"https:\/\/tvc16.com\/portal\/wp-json\/wp\/v2\/posts\/98599\/revisions\/98601"}],"wp:featuredmedia":[{"embeddable":true,"href":"https:\/\/tvc16.com\/portal\/wp-json\/wp\/v2\/media\/98600"}],"wp:attachment":[{"href":"https:\/\/tvc16.com\/portal\/wp-json\/wp\/v2\/media?parent=98599"}],"wp:term":[{"taxonomy":"category","embeddable":true,"href":"https:\/\/tvc16.com\/portal\/wp-json\/wp\/v2\/categories?post=98599"},{"taxonomy":"post_tag","embeddable":true,"href":"https:\/\/tvc16.com\/portal\/wp-json\/wp\/v2\/tags?post=98599"}],"curies":[{"name":"wp","href":"https:\/\/api.w.org\/{rel}","templated":true}]}}