{"id":98602,"date":"2025-02-08T05:00:00","date_gmt":"2025-02-08T08:00:00","guid":{"rendered":"https:\/\/tvc16.com\/portal\/?p=98602"},"modified":"2025-02-05T12:39:36","modified_gmt":"2025-02-05T15:39:36","slug":"romulo-kuranyi-artista-petropolitano-transforma-bentley-em-obra-de-arte-exclusiva-na-alemanha","status":"publish","type":"post","link":"https:\/\/tvc16.com\/portal\/2025\/02\/08\/romulo-kuranyi-artista-petropolitano-transforma-bentley-em-obra-de-arte-exclusiva-na-alemanha\/","title":{"rendered":"Romulo Kuranyi, artista petropolitano, transforma Bentley em obra de arte exclusiva na Alemanha"},"content":{"rendered":"\n<p>O artista brasileiro Romulo Kuranyi, nascido em Petr\u00f3polis, no Rio de Janeiro, chamou aten\u00e7\u00e3o na \u00faltima semana, na Alemanha, ao transformar um Bentley em uma obra de arte sobre rodas. O projeto, realizado em parceria com a Bentley Stuttgart e a seguradora Allianz Stolze &amp; Rosin, foi apresentado em um evento que reuniu grandes nomes da arte, esporte e do mercado de luxo.<\/p>\n\n\n\n<p>Conhecido por personalizar modelos de carros de alto padr\u00e3o, como o Bugatti Chiron \u2014 um dos esportivos mais caros do mundo \u2014 o artista mostrou, mais uma vez, sua habilidade em integrar arte ao universo automobil\u00edstico de luxo. No evento, marcaram presen\u00e7a o ex-jogador de futebol Kevin Kuranyi, o influenciador Ronni Strauss, al\u00e9m de executivos de peso, como Christian, CEO da Bentley Stuttgart, e Oliver Rosin, CEO da Allianz Stolze &amp; Rosin.<\/p>\n\n\n\n<p><strong>De Petr\u00f3polis para o mundo<\/strong><\/p>\n\n\n\n<p>Kuranyi cresceu no bairro Mosela, em Petr\u00f3polis, e se mudou para a Alemanha aos dez anos com a fam\u00edlia. Filho de um artista pl\u00e1stico franc\u00eas e de uma escritora brasileira, ele come\u00e7ou a pintar ainda jovem. Em 2013, suas obras come\u00e7aram a ser reconhecidas internacionalmente, e desde ent\u00e3o, t\u00eam circulado por diversos pa\u00edses. Seus trabalhos, que mesclam elementos da Pop Art com influ\u00eancias ind\u00edgenas, est\u00e3o presentes em ve\u00edculos de luxo, camisetas, fachadas e outras superf\u00edcies, sempre utilizando materiais como tinta e acr\u00edlico. Al\u00e9m disso, suas cria\u00e7\u00f5es j\u00e1 foram expostas em importantes espa\u00e7os internacionais, como o Carrossel do Louvre, em Paris, e na exposi\u00e7\u00e3o&nbsp;<em>Peace Love and Light<\/em>, em Frankfurt.<\/p>\n\n\n\n<p>Kuranyi tamb\u00e9m tem se destacado em mostras de grande relev\u00e2ncia, como o show&nbsp;<em>Tribute to Bob Dylan<\/em>&nbsp;(2021), e mant\u00e9m parcerias com grandes marcas, como a STABILO.<\/p>\n\n\n\n<p>\u201cMinhas obras refletem minhas ra\u00edzes brasileiras, as culturas que conheci e as experi\u00eancias que vivi desde a inf\u00e2ncia. Tento apresentar essas hist\u00f3rias de forma simples, mas com significado\u201d, comenta o artista.<\/p>\n\n\n\n<p>O trabalho do brasileiro pode ser acompanhado atrav\u00e9s do seu site<a rel=\"noreferrer noopener\" target=\"_blank\" href=\"https:\/\/na01.safelinks.protection.outlook.com\/?url=https%3A%2F%2Fshop.romulokuranyi.de%2F&amp;data=05%7C02%7C%7C62a6eba505f54801f68608dd45eda252%7C84df9e7fe9f640afb435aaaaaaaaaaaa%7C1%7C0%7C638743609274703885%7CUnknown%7CTWFpbGZsb3d8eyJFbXB0eU1hcGkiOnRydWUsIlYiOiIwLjAuMDAwMCIsIlAiOiJXaW4zMiIsIkFOIjoiTWFpbCIsIldUIjoyfQ%3D%3D%7C0%7C%7C%7C&amp;sdata=ZnXN0%2F0DKDMkwn6FMFx1DVN5wtWDXDzx6jHmCc5Dz7g%3D&amp;reserved=0\">&nbsp;oficial&nbsp;https:\/\/shop.romulokuranyi.de\/<\/a>&nbsp;e de suas redes sociais:&nbsp;<a rel=\"noreferrer noopener\" target=\"_blank\" href=\"https:\/\/na01.safelinks.protection.outlook.com\/?url=https%3A%2F%2Fwww.instagram.com%2Fromulokuranyi&amp;data=05%7C02%7C%7C62a6eba505f54801f68608dd45eda252%7C84df9e7fe9f640afb435aaaaaaaaaaaa%7C1%7C0%7C638743609274730942%7CUnknown%7CTWFpbGZsb3d8eyJFbXB0eU1hcGkiOnRydWUsIlYiOiIwLjAuMDAwMCIsIlAiOiJXaW4zMiIsIkFOIjoiTWFpbCIsIldUIjoyfQ%3D%3D%7C0%7C%7C%7C&amp;sdata=96uolK2FJs6BgP8eMfS5mLcjkkpsR%2FwJkJCHIryu70Q%3D&amp;reserved=0\">@romulokuranyi<\/a><\/p>\n\n\n\n<p>Cr\u00e9ditos imagens:\u00a0Karim Drives e Felix Framed.<\/p>\n","protected":false},"excerpt":{"rendered":"<p>O artista brasileiro Romulo Kuranyi, nascido em Petr\u00f3polis, no Rio de Janeiro, chamou aten\u00e7\u00e3o na<\/p>\n","protected":false},"author":2,"featured_media":98603,"comment_status":"open","ping_status":"open","sticky":false,"template":"","format":"standard","meta":{"footnotes":""},"categories":[12],"tags":[],"class_list":["post-98602","post","type-post","status-publish","format-standard","has-post-thumbnail","hentry","category-cidade"],"_links":{"self":[{"href":"https:\/\/tvc16.com\/portal\/wp-json\/wp\/v2\/posts\/98602","targetHints":{"allow":["GET"]}}],"collection":[{"href":"https:\/\/tvc16.com\/portal\/wp-json\/wp\/v2\/posts"}],"about":[{"href":"https:\/\/tvc16.com\/portal\/wp-json\/wp\/v2\/types\/post"}],"author":[{"embeddable":true,"href":"https:\/\/tvc16.com\/portal\/wp-json\/wp\/v2\/users\/2"}],"replies":[{"embeddable":true,"href":"https:\/\/tvc16.com\/portal\/wp-json\/wp\/v2\/comments?post=98602"}],"version-history":[{"count":1,"href":"https:\/\/tvc16.com\/portal\/wp-json\/wp\/v2\/posts\/98602\/revisions"}],"predecessor-version":[{"id":98604,"href":"https:\/\/tvc16.com\/portal\/wp-json\/wp\/v2\/posts\/98602\/revisions\/98604"}],"wp:featuredmedia":[{"embeddable":true,"href":"https:\/\/tvc16.com\/portal\/wp-json\/wp\/v2\/media\/98603"}],"wp:attachment":[{"href":"https:\/\/tvc16.com\/portal\/wp-json\/wp\/v2\/media?parent=98602"}],"wp:term":[{"taxonomy":"category","embeddable":true,"href":"https:\/\/tvc16.com\/portal\/wp-json\/wp\/v2\/categories?post=98602"},{"taxonomy":"post_tag","embeddable":true,"href":"https:\/\/tvc16.com\/portal\/wp-json\/wp\/v2\/tags?post=98602"}],"curies":[{"name":"wp","href":"https:\/\/api.w.org\/{rel}","templated":true}]}}