{"id":98605,"date":"2025-02-05T12:40:47","date_gmt":"2025-02-05T15:40:47","guid":{"rendered":"https:\/\/tvc16.com\/portal\/?p=98605"},"modified":"2025-02-05T12:40:48","modified_gmt":"2025-02-05T15:40:48","slug":"cras-meudon-realiza-primeira-aula-de-alongamento-de-2025","status":"publish","type":"post","link":"https:\/\/tvc16.com\/portal\/2025\/02\/05\/cras-meudon-realiza-primeira-aula-de-alongamento-de-2025\/","title":{"rendered":"CRAS Meudon realiza primeira aula de alongamento de 2025"},"content":{"rendered":"\n<p><strong><em>As aulas acontecem sempre \u00e0s ter\u00e7as e sextas-feiras e s\u00e3o voltadas para a 3\u00aa idade&nbsp;<\/em><\/strong><\/p>\n\n\n\n<p>Na manh\u00e3 desta ter\u00e7a-feira, 04 de fevereiro, o Centro de Refer\u00eancia da Assist\u00eancia Social (CRAS) Meudon, da Secretaria Municipal de Assist\u00eancia Social e Direitos Humanos, realizou a primeira aula de alongamento de 2025. Realizadas em parceria com a Secretaria Municipal de Esporte e Lazer, as aulas s\u00e3o ministradas pelo Professor Lisardo e destinadas aos idosos referenciados e acompanhados pelo CRAS atrav\u00e9s do Programa de Atendimento Integral \u00e0 Fam\u00edlia (PAIF).<\/p>\n\n\n\n<p>Atividades como a aula de alongamento fazem parte do Servi\u00e7o de Conviv\u00eancia e Fortalecimento de V\u00ednculo (SCFV) e os idosos participantes tamb\u00e9m s\u00e3o acompanhados pela equipe m\u00e9dica do ESF Meudon, que avalia e autoriza a participa\u00e7\u00e3o de cada aluno. Al\u00e9m do acompanhamento de sa\u00fade, a equipe multidisciplinar do CRAS, formada por uma Psic\u00f3loga e por duas Assistentes Sociais tamb\u00e9m acompanham a atividade.&nbsp;<\/p>\n\n\n\n<p>As aulas acontecem todas \u00e0s ter\u00e7as-feiras, de 10h \u00e0s 11h e \u00e0s sextas-feiras, de 8h \u00e0s 9h no CRAS Meudon. As inscri\u00e7\u00f5es est\u00e3o abertas e podem ser feitas no gin\u00e1sio poliesportivo Pedro Jahara (Pedr\u00e3o) ou diretamente na secretaria do CRAS Meudon, sendo necess\u00e1rio apresentar os seguintes documentos: autoriza\u00e7\u00e3o m\u00e9dica; RG; CPF; Comprovante de resid\u00eancia e uma foto 3&#215;4. O CRAS Meudon fica localizado na R. Caramuru, 108, e funciona das 8h \u00e0s 17h.&nbsp;<\/p>\n\n\n\n<p>Fotos: Divulga\u00e7\u00e3o&nbsp;<\/p>\n","protected":false},"excerpt":{"rendered":"<p>As aulas acontecem sempre \u00e0s ter\u00e7as e sextas-feiras e s\u00e3o voltadas para a 3\u00aa idade&nbsp;<\/p>\n","protected":false},"author":2,"featured_media":98606,"comment_status":"open","ping_status":"open","sticky":false,"template":"","format":"standard","meta":{"footnotes":""},"categories":[17],"tags":[],"class_list":["post-98605","post","type-post","status-publish","format-standard","has-post-thumbnail","hentry","category-outras-noticias"],"_links":{"self":[{"href":"https:\/\/tvc16.com\/portal\/wp-json\/wp\/v2\/posts\/98605","targetHints":{"allow":["GET"]}}],"collection":[{"href":"https:\/\/tvc16.com\/portal\/wp-json\/wp\/v2\/posts"}],"about":[{"href":"https:\/\/tvc16.com\/portal\/wp-json\/wp\/v2\/types\/post"}],"author":[{"embeddable":true,"href":"https:\/\/tvc16.com\/portal\/wp-json\/wp\/v2\/users\/2"}],"replies":[{"embeddable":true,"href":"https:\/\/tvc16.com\/portal\/wp-json\/wp\/v2\/comments?post=98605"}],"version-history":[{"count":1,"href":"https:\/\/tvc16.com\/portal\/wp-json\/wp\/v2\/posts\/98605\/revisions"}],"predecessor-version":[{"id":98607,"href":"https:\/\/tvc16.com\/portal\/wp-json\/wp\/v2\/posts\/98605\/revisions\/98607"}],"wp:featuredmedia":[{"embeddable":true,"href":"https:\/\/tvc16.com\/portal\/wp-json\/wp\/v2\/media\/98606"}],"wp:attachment":[{"href":"https:\/\/tvc16.com\/portal\/wp-json\/wp\/v2\/media?parent=98605"}],"wp:term":[{"taxonomy":"category","embeddable":true,"href":"https:\/\/tvc16.com\/portal\/wp-json\/wp\/v2\/categories?post=98605"},{"taxonomy":"post_tag","embeddable":true,"href":"https:\/\/tvc16.com\/portal\/wp-json\/wp\/v2\/tags?post=98605"}],"curies":[{"name":"wp","href":"https:\/\/api.w.org\/{rel}","templated":true}]}}