{"id":98613,"date":"2025-02-05T12:51:13","date_gmt":"2025-02-05T15:51:13","guid":{"rendered":"https:\/\/tvc16.com\/portal\/?p=98613"},"modified":"2025-02-05T12:51:16","modified_gmt":"2025-02-05T15:51:16","slug":"prefeitura-entrega-produtos-da-merenda-escolar-nas-unidades-de-ensino","status":"publish","type":"post","link":"https:\/\/tvc16.com\/portal\/2025\/02\/05\/prefeitura-entrega-produtos-da-merenda-escolar-nas-unidades-de-ensino\/","title":{"rendered":"Prefeitura entrega produtos da merenda escolar nas unidades de ensino"},"content":{"rendered":"\n<p>O Servi\u00e7o de Educa\u00e7\u00e3o Alimentar da Secretaria M. de Educa\u00e7\u00e3o realiza, desde segunda-feira, 03, a entrega dos produtos aliment\u00edcios para a merenda escolar dos alunos da Rede Municipal de Ensino. O compromisso da gest\u00e3o do Prefeito Leonardo Vasconcellos \u00e9 que todos os estudantes, na cidade e no interior, recebam uma merenda saud\u00e1vel e nutritiva, com alimentos fresquinhos e saborosos.<\/p>\n\n\n\n<p>\u201cO nosso objetivo \u00e9 que os alunos recebam uma merenda de qualidade, com prote\u00ednas, carboidratos, verduras, legumes e frutas. As nossas&nbsp; nutricionistas prepararam um card\u00e1pio voltado para atender as necessidades nutricionais e tamb\u00e9m ao paladar dos nossos estudantes, conforme orienta\u00e7\u00e3o do Prefeito Leonardo\u201d, garante a&nbsp;chefe do Servi\u00e7o de Educa\u00e7\u00e3o Alimentar, Ana Geanette Fahur.&nbsp;<\/p>\n\n\n\n<p><strong>Treinamento das merendeiras<\/strong><\/p>\n\n\n\n<p>O preparo dos alimentos \u00e9 fundamental para que os estudantes tenham refei\u00e7\u00f5es de qualidade e, para isso, o trabalho das merendeiras \u00e9 de extrema import\u00e2ncia. Pensando nisso, o Servi\u00e7o de Educa\u00e7\u00e3o Alimentar da Secretaria de Educa\u00e7\u00e3o promoveu, nos \u00faltimos dias 28 e 29\/01, um treinamento para as profissionais da rede. Entre os assuntos abordados, o cuidado com a higiene pessoal e com a forma como os alimentos s\u00e3o armazenados, preparados e servidos e&nbsp;a import\u00e2ncia do uso de EPIs (equipamentos de prote\u00e7\u00e3o individual).<\/p>\n\n\n\n<p>Fotos: Jorge Maravilha<\/p>\n","protected":false},"excerpt":{"rendered":"<p>O Servi\u00e7o de Educa\u00e7\u00e3o Alimentar da Secretaria M. de Educa\u00e7\u00e3o realiza, desde segunda-feira, 03, a<\/p>\n","protected":false},"author":2,"featured_media":98614,"comment_status":"open","ping_status":"open","sticky":false,"template":"","format":"standard","meta":{"footnotes":""},"categories":[17],"tags":[],"class_list":["post-98613","post","type-post","status-publish","format-standard","has-post-thumbnail","hentry","category-outras-noticias"],"_links":{"self":[{"href":"https:\/\/tvc16.com\/portal\/wp-json\/wp\/v2\/posts\/98613","targetHints":{"allow":["GET"]}}],"collection":[{"href":"https:\/\/tvc16.com\/portal\/wp-json\/wp\/v2\/posts"}],"about":[{"href":"https:\/\/tvc16.com\/portal\/wp-json\/wp\/v2\/types\/post"}],"author":[{"embeddable":true,"href":"https:\/\/tvc16.com\/portal\/wp-json\/wp\/v2\/users\/2"}],"replies":[{"embeddable":true,"href":"https:\/\/tvc16.com\/portal\/wp-json\/wp\/v2\/comments?post=98613"}],"version-history":[{"count":1,"href":"https:\/\/tvc16.com\/portal\/wp-json\/wp\/v2\/posts\/98613\/revisions"}],"predecessor-version":[{"id":98615,"href":"https:\/\/tvc16.com\/portal\/wp-json\/wp\/v2\/posts\/98613\/revisions\/98615"}],"wp:featuredmedia":[{"embeddable":true,"href":"https:\/\/tvc16.com\/portal\/wp-json\/wp\/v2\/media\/98614"}],"wp:attachment":[{"href":"https:\/\/tvc16.com\/portal\/wp-json\/wp\/v2\/media?parent=98613"}],"wp:term":[{"taxonomy":"category","embeddable":true,"href":"https:\/\/tvc16.com\/portal\/wp-json\/wp\/v2\/categories?post=98613"},{"taxonomy":"post_tag","embeddable":true,"href":"https:\/\/tvc16.com\/portal\/wp-json\/wp\/v2\/tags?post=98613"}],"curies":[{"name":"wp","href":"https:\/\/api.w.org\/{rel}","templated":true}]}}