{"id":98616,"date":"2025-02-08T05:00:00","date_gmt":"2025-02-08T08:00:00","guid":{"rendered":"https:\/\/tvc16.com\/portal\/?p=98616"},"modified":"2025-02-05T13:46:08","modified_gmt":"2025-02-05T16:46:08","slug":"centro-cultural-bernardo-monteverde-abriga-nucleo-avancado-da-escola-de-musica-villa-lobos-e-biblioteca-com-mais-de-6-mil-titulos-em-teresopolis","status":"publish","type":"post","link":"https:\/\/tvc16.com\/portal\/2025\/02\/08\/centro-cultural-bernardo-monteverde-abriga-nucleo-avancado-da-escola-de-musica-villa-lobos-e-biblioteca-com-mais-de-6-mil-titulos-em-teresopolis\/","title":{"rendered":"Centro Cultural Bernardo Monteverde\u00a0abriga N\u00facleo Avan\u00e7ado da Escola de M\u00fasica Villa-Lobos e biblioteca com mais de 6 mil t\u00edtulos\u00a0em Teres\u00f3polis"},"content":{"rendered":"\n<p><em><strong>Inscri\u00e7\u00f5es para cursos gratuitos est\u00e3o abertas e seguem at\u00e9 o dia 12<\/strong><\/em><\/p>\n\n\n\n<p>Espa\u00e7o de ensino de m\u00fasica e de acesso a m\u00faltiplos saberes musicais, o Centro Cultural Bernardo Monteverde, no bairro do Alto, \u00e9 um dos equipamentos mantidos pela&nbsp;Secretaria Municipal de Cultura que vale a pena conhecer.<\/p>\n\n\n\n<p>Abriga&nbsp;a Escola Municipal de M\u00fasica Giordano Loques Marrelli, um dos cinco n\u00facleos avan\u00e7ados da renomada Escola de M\u00fasica Villa-Lobos no estado do Rio de Janeiro.&nbsp;&nbsp;Comprometida com a forma\u00e7\u00e3o musical de crian\u00e7as, jovens e adultos, atualmente a unidade oferece aulas pr\u00e1ticas&nbsp;de teoria musical,&nbsp;de t\u00e9cnica&nbsp;vocal e de instrumentos&nbsp;para cerca de 110 alunos nos cursos gratuitos de Musicaliza\u00e7\u00e3o Infantil, Inicia\u00e7\u00e3o Musical e Forma\u00e7\u00e3o em M\u00fasica.<\/p>\n\n\n\n<p>\u201cTemos uma estrutura muito bem montada para atender nossos alunos, instrutores e visitantes, com seis salas de aula, audit\u00f3rio, depend\u00eancias administrativas e espa\u00e7o para atividades ao ar livre.&nbsp;Tamb\u00e9m temos um amplo acervo, com viol\u00e3o, guitarra, violino, cavaquinho, clarineta, flauta doce e transversa, entre outros, para garantir que os alunos que ainda n\u00e3o possuem seus instrumentos musicais frequentem as aulas\u201d, assinala o subsecret\u00e1rio municipal de Cultura, Arnaldo Almeida.<\/p>\n\n\n\n<p>Doado \u00e0 Prefeitura de Teres\u00f3polis em 1994 pelo&nbsp;empres\u00e1rio e humanista Bernardo Monteverde (1912-1997) e&nbsp;inaugurado em 1998, o&nbsp;Centro Cultural fica localizado na Avenida Oliveira Botelho, 210, sobreloja, no Alto. Funciona de segunda a quinta, das 8h \u00e0s 21h, e na sexta, das 8h \u00e0s 18h.<\/p>\n\n\n\n<p><strong>Inscri\u00e7\u00f5es abertas:&nbsp;<\/strong>Boa not\u00edcia para os interessados \u00e9 que&nbsp;est\u00e3o abertas, e seguem at\u00e9 o dia 12 de fevereiro,&nbsp;as inscri\u00e7\u00f5es para 12 vagas do curso de Musicaliza\u00e7\u00e3o Infantil (de 7 a 9 anos) e para 33 vagas do curso de&nbsp;Forma\u00e7\u00e3o Musical (M\u00f3dulo II, a partir de 13 anos).&nbsp;As&nbsp;oportunidades&nbsp;ser\u00e3o preenchidas por meio de sorteio p\u00fablico entre os candidatos inscritos. O&nbsp;Edital 01\/2025, com todas as regras, pode ser conferido no link&nbsp;<a rel=\"noreferrer noopener\" target=\"_blank\" href=\"https:\/\/na01.safelinks.protection.outlook.com\/?url=https%3A%2F%2Fwww.teresopolis.rj.gov.br%2Fwp-content%2Fuploads%2F2025%2F01%2FDiario-Regular-Ed.-13-Ano-10-Escola-musica-1.pdf.&amp;data=05%7C02%7C%7C5c640a22c4a64781652508dd45ff84b4%7C84df9e7fe9f640afb435aaaaaaaaaaaa%7C1%7C0%7C638743685975683453%7CUnknown%7CTWFpbGZsb3d8eyJFbXB0eU1hcGkiOnRydWUsIlYiOiIwLjAuMDAwMCIsIlAiOiJXaW4zMiIsIkFOIjoiTWFpbCIsIldUIjoyfQ%3D%3D%7C0%7C%7C%7C&amp;sdata=UofwgpwJocxel6gfNjR2LJX2E9EwT5Nu08y8GdKs2QE%3D&amp;reserved=0\"><u>https:\/\/www.teresopolis.rj.gov.br\/wp-content\/uploads\/2025\/01\/Diario-Regular-Ed.-13-Ano-10-Escola-musica-1.pdf<\/u><u>.<\/u><\/a>&nbsp;Mais informa\u00e7\u00f5es podem ser obtidas pelo telefone (21) 2742-3352 ramal 436 e pelo whatsapp (21) 97159-4813.<\/p>\n\n\n\n<p><strong>Biblioteca e digitaliza\u00e7\u00e3o do acervo:&nbsp;<\/strong>O Centro Cultural&nbsp;abriga a Biblioteca Esterzinha Monteverde, com cerca de 6.500 exemplares de literatura brasileira e estrangeira, m\u00fasica, teatro, poesia e livros did\u00e1ticos, entre outros t\u00edtulos,&nbsp;e possui 350 associados. Est\u00e1 aberta \u00e0 visita\u00e7\u00e3o de segunda a sexta, das 8h \u00e0s 18h, per\u00edodo em que os interessados podem se inscrever e fazer sua carteirinha. Basta apresentar RG, comprovante de resid\u00eancia atual em Teres\u00f3polis e uma foto 3&#215;4.<\/p>\n\n\n\n<p>Novidade \u00e9 a digitaliza\u00e7\u00e3o do acervo. \u201cEstamos implementando o software gratuito BIBLIVRE para digitalizar o acervo da biblioteca e facilitar o acesso dos visitantes. Futuramente, os interessados poder\u00e3o fazer suas consultas online, sem sair de casa\u201d, revela Arnaldo Almeida, referindo-se ao programa Biblioteca Livre, de gerenciamento e cataloga\u00e7\u00e3o de acervos de bibliotecas p\u00fablicas e privadas e que permite a inclus\u00e3o digital do cidad\u00e3o.<\/p>\n\n\n\n<p><em><strong>Fotos: Jorge Maravilha.<\/strong><\/em><\/p>\n","protected":false},"excerpt":{"rendered":"<p>Inscri\u00e7\u00f5es para cursos gratuitos est\u00e3o abertas e seguem at\u00e9 o dia 12 Espa\u00e7o de ensino<\/p>\n","protected":false},"author":2,"featured_media":98617,"comment_status":"open","ping_status":"open","sticky":false,"template":"","format":"standard","meta":{"footnotes":""},"categories":[17],"tags":[],"class_list":["post-98616","post","type-post","status-publish","format-standard","has-post-thumbnail","hentry","category-outras-noticias"],"_links":{"self":[{"href":"https:\/\/tvc16.com\/portal\/wp-json\/wp\/v2\/posts\/98616","targetHints":{"allow":["GET"]}}],"collection":[{"href":"https:\/\/tvc16.com\/portal\/wp-json\/wp\/v2\/posts"}],"about":[{"href":"https:\/\/tvc16.com\/portal\/wp-json\/wp\/v2\/types\/post"}],"author":[{"embeddable":true,"href":"https:\/\/tvc16.com\/portal\/wp-json\/wp\/v2\/users\/2"}],"replies":[{"embeddable":true,"href":"https:\/\/tvc16.com\/portal\/wp-json\/wp\/v2\/comments?post=98616"}],"version-history":[{"count":1,"href":"https:\/\/tvc16.com\/portal\/wp-json\/wp\/v2\/posts\/98616\/revisions"}],"predecessor-version":[{"id":98618,"href":"https:\/\/tvc16.com\/portal\/wp-json\/wp\/v2\/posts\/98616\/revisions\/98618"}],"wp:featuredmedia":[{"embeddable":true,"href":"https:\/\/tvc16.com\/portal\/wp-json\/wp\/v2\/media\/98617"}],"wp:attachment":[{"href":"https:\/\/tvc16.com\/portal\/wp-json\/wp\/v2\/media?parent=98616"}],"wp:term":[{"taxonomy":"category","embeddable":true,"href":"https:\/\/tvc16.com\/portal\/wp-json\/wp\/v2\/categories?post=98616"},{"taxonomy":"post_tag","embeddable":true,"href":"https:\/\/tvc16.com\/portal\/wp-json\/wp\/v2\/tags?post=98616"}],"curies":[{"name":"wp","href":"https:\/\/api.w.org\/{rel}","templated":true}]}}