{"id":98619,"date":"2025-02-09T05:00:00","date_gmt":"2025-02-09T08:00:00","guid":{"rendered":"https:\/\/tvc16.com\/portal\/?p=98619"},"modified":"2025-02-05T13:51:01","modified_gmt":"2025-02-05T16:51:01","slug":"iptu-2025-cota-unica-paga-ate-28-de-fevereiro-tem-10-de-desconto-em-teresopolis","status":"publish","type":"post","link":"https:\/\/tvc16.com\/portal\/2025\/02\/09\/iptu-2025-cota-unica-paga-ate-28-de-fevereiro-tem-10-de-desconto-em-teresopolis\/","title":{"rendered":"IPTU 2025: Cota \u00fanica paga at\u00e9 28 de fevereiro tem 10% de desconto em Teres\u00f3polis"},"content":{"rendered":"\n<p>Os contribuintes que optarem por&nbsp;pagar o&nbsp;Imposto Predial e Territorial Urbano 2025&nbsp;em cota \u00fanica&nbsp;at\u00e9 o dia 28 de fevereiro garantem 10% de desconto.<\/p>\n\n\n\n<p>Quem ainda n\u00e3o recebeu o carn\u00ea pelos correios pode imprimir o boleto pelo site&nbsp;da Prefeitura de Teres\u00f3polis&nbsp;(<a rel=\"noreferrer noopener\" target=\"_blank\" href=\"https:\/\/na01.safelinks.protection.outlook.com\/?url=http%3A%2F%2Fwww.teresopolis.rj.gov.br%2F&amp;data=05%7C02%7C%7C47e82042bf2f497f216208dd4604f2f2%7C84df9e7fe9f640afb435aaaaaaaaaaaa%7C1%7C0%7C638743709304087631%7CUnknown%7CTWFpbGZsb3d8eyJFbXB0eU1hcGkiOnRydWUsIlYiOiIwLjAuMDAwMCIsIlAiOiJXaW4zMiIsIkFOIjoiTWFpbCIsIldUIjoyfQ%3D%3D%7C0%7C%7C%7C&amp;sdata=jrmtQktl2YnoPBqYgj%2BC7DalycGyvFLfStdnZojzPWI%3D&amp;reserved=0\"><u>www.teresopolis.rj.gov.br<\/u><\/a>).&nbsp;Basta localizar a&nbsp;aba \u201cCidad\u00e3o\u201d,&nbsp;clicar&nbsp;na op\u00e7\u00e3o \u2018Emiss\u00e3o de IPTU \u2013 Emiss\u00e3o de carn\u00ea ou 2\u00aa via\u201d&nbsp; e, na p\u00e1gina seguinte, preencher o n\u00famero do cadastro do im\u00f3vel.&nbsp;<\/p>\n\n\n\n<p>J\u00e1 o contribuinte sem&nbsp;acesso \u00e0 internet pode se dirigir \u00e0 Secretaria Municipal de Finan\u00e7as e Or\u00e7amento (Fazenda), no 1\u00ba piso da Prefeitura (Av. Feliciano Sodr\u00e9, 675, V\u00e1rzea), e solicitar a impress\u00e3o da cota \u00fanica do IPTU 2025.&nbsp;O atendimento acontece de segunda a sexta, das 10h \u00e0s 17h. Para facilitar, \u00e9 solicitado que seja&nbsp;apresentada a guia ou o carn\u00ea do ano anterior.<\/p>\n\n\n\n<p><em><strong>Foto: Jonathan Martins<\/strong><\/em><\/p>\n","protected":false},"excerpt":{"rendered":"<p>Os contribuintes que optarem por&nbsp;pagar o&nbsp;Imposto Predial e Territorial Urbano 2025&nbsp;em cota \u00fanica&nbsp;at\u00e9 o dia<\/p>\n","protected":false},"author":2,"featured_media":98620,"comment_status":"open","ping_status":"open","sticky":false,"template":"","format":"standard","meta":{"footnotes":""},"categories":[17],"tags":[],"class_list":["post-98619","post","type-post","status-publish","format-standard","has-post-thumbnail","hentry","category-outras-noticias"],"_links":{"self":[{"href":"https:\/\/tvc16.com\/portal\/wp-json\/wp\/v2\/posts\/98619","targetHints":{"allow":["GET"]}}],"collection":[{"href":"https:\/\/tvc16.com\/portal\/wp-json\/wp\/v2\/posts"}],"about":[{"href":"https:\/\/tvc16.com\/portal\/wp-json\/wp\/v2\/types\/post"}],"author":[{"embeddable":true,"href":"https:\/\/tvc16.com\/portal\/wp-json\/wp\/v2\/users\/2"}],"replies":[{"embeddable":true,"href":"https:\/\/tvc16.com\/portal\/wp-json\/wp\/v2\/comments?post=98619"}],"version-history":[{"count":1,"href":"https:\/\/tvc16.com\/portal\/wp-json\/wp\/v2\/posts\/98619\/revisions"}],"predecessor-version":[{"id":98621,"href":"https:\/\/tvc16.com\/portal\/wp-json\/wp\/v2\/posts\/98619\/revisions\/98621"}],"wp:featuredmedia":[{"embeddable":true,"href":"https:\/\/tvc16.com\/portal\/wp-json\/wp\/v2\/media\/98620"}],"wp:attachment":[{"href":"https:\/\/tvc16.com\/portal\/wp-json\/wp\/v2\/media?parent=98619"}],"wp:term":[{"taxonomy":"category","embeddable":true,"href":"https:\/\/tvc16.com\/portal\/wp-json\/wp\/v2\/categories?post=98619"},{"taxonomy":"post_tag","embeddable":true,"href":"https:\/\/tvc16.com\/portal\/wp-json\/wp\/v2\/tags?post=98619"}],"curies":[{"name":"wp","href":"https:\/\/api.w.org\/{rel}","templated":true}]}}