{"id":9862,"date":"2021-01-24T16:03:27","date_gmt":"2021-01-24T19:03:27","guid":{"rendered":"https:\/\/tvc16.com\/portal\/?p=9862"},"modified":"2021-01-24T16:03:29","modified_gmt":"2021-01-24T19:03:29","slug":"a-secretaria-municipal-de-assistencia-social-de-nova-iguacu-semas-vai-abrir-inscricoes-para-processo-seletivo-para-248-vagas-temporarias-de-niveis-fundamental-medio-e-superior-com-salarios-entre-r","status":"publish","type":"post","link":"https:\/\/tvc16.com\/portal\/2021\/01\/24\/a-secretaria-municipal-de-assistencia-social-de-nova-iguacu-semas-vai-abrir-inscricoes-para-processo-seletivo-para-248-vagas-temporarias-de-niveis-fundamental-medio-e-superior-com-salarios-entre-r\/","title":{"rendered":"A Secretaria Municipal de Assist\u00eancia Social de Nova Igua\u00e7u (SEMAS) vai abrir inscri\u00e7\u00f5es para processo seletivo para 248 vagas tempor\u00e1rias de n\u00edveis fundamental, m\u00e9dio e superior, com sal\u00e1rios entre R$ 1.150 e R$ 3 mil. As inscri\u00e7\u00f5es devem ser feitas na segunda (25) e ter\u00e7a-feira (26)."},"content":{"rendered":"\n<p>Os cargos, a quantidade de vagas dispon\u00edveis para cada um deles, a carga hor\u00e1ria e a remunera\u00e7\u00e3o podem ser vistas no edital publicado do Di\u00e1rio Oficial da \u00faltima quarta-feira (20).<\/p>\n\n\n\n<p>Os interessados devem se inscrever pelo site da SEMAS (<a rel=\"noreferrer noopener\" target=\"_blank\" href=\"http:\/\/novaiguacu.rj.gov.br\/semas\">novaiguacu.rj.gov.br\/semas<\/a>), no campo &#8220;Processo Seletivo Simplificado&#8221;, mediante o preenchimento do formul\u00e1rio de inscri\u00e7\u00e3o online. Para isso, os candidatos dever\u00e3o anexar seus curr\u00edculos e documentos, que ser\u00e3o avaliados no processo seletivo, composto por uma an\u00e1lise de t\u00edtulos. O valor m\u00e1ximo desta etapa ser\u00e1 de 100 pontos.<\/p>\n\n\n\n<p>Ser\u00e3o levados em considera\u00e7\u00e3o a experi\u00eancia profissional, capacita\u00e7\u00f5es, diplomas e, em alguns casos, trabalhos volunt\u00e1rios. O resultado final est\u00e1 previsto para o dia 22 de fevereiro. Os aprovados ser\u00e3o contratados pelo per\u00edodo de um ano, com possibilidade de prorroga\u00e7\u00e3o do v\u00ednculo por mais 12 meses.<\/p>\n","protected":false},"excerpt":{"rendered":"<p>Os cargos, a quantidade de vagas dispon\u00edveis para cada um deles, a carga hor\u00e1ria e<\/p>\n","protected":false},"author":2,"featured_media":9863,"comment_status":"open","ping_status":"open","sticky":false,"template":"","format":"standard","meta":{"footnotes":""},"categories":[17],"tags":[],"class_list":["post-9862","post","type-post","status-publish","format-standard","has-post-thumbnail","hentry","category-outras-noticias"],"_links":{"self":[{"href":"https:\/\/tvc16.com\/portal\/wp-json\/wp\/v2\/posts\/9862","targetHints":{"allow":["GET"]}}],"collection":[{"href":"https:\/\/tvc16.com\/portal\/wp-json\/wp\/v2\/posts"}],"about":[{"href":"https:\/\/tvc16.com\/portal\/wp-json\/wp\/v2\/types\/post"}],"author":[{"embeddable":true,"href":"https:\/\/tvc16.com\/portal\/wp-json\/wp\/v2\/users\/2"}],"replies":[{"embeddable":true,"href":"https:\/\/tvc16.com\/portal\/wp-json\/wp\/v2\/comments?post=9862"}],"version-history":[{"count":1,"href":"https:\/\/tvc16.com\/portal\/wp-json\/wp\/v2\/posts\/9862\/revisions"}],"predecessor-version":[{"id":9864,"href":"https:\/\/tvc16.com\/portal\/wp-json\/wp\/v2\/posts\/9862\/revisions\/9864"}],"wp:featuredmedia":[{"embeddable":true,"href":"https:\/\/tvc16.com\/portal\/wp-json\/wp\/v2\/media\/9863"}],"wp:attachment":[{"href":"https:\/\/tvc16.com\/portal\/wp-json\/wp\/v2\/media?parent=9862"}],"wp:term":[{"taxonomy":"category","embeddable":true,"href":"https:\/\/tvc16.com\/portal\/wp-json\/wp\/v2\/categories?post=9862"},{"taxonomy":"post_tag","embeddable":true,"href":"https:\/\/tvc16.com\/portal\/wp-json\/wp\/v2\/tags?post=9862"}],"curies":[{"name":"wp","href":"https:\/\/api.w.org\/{rel}","templated":true}]}}