{"id":98622,"date":"2025-02-05T13:54:34","date_gmt":"2025-02-05T16:54:34","guid":{"rendered":"https:\/\/tvc16.com\/portal\/?p=98622"},"modified":"2025-02-05T13:54:36","modified_gmt":"2025-02-05T16:54:36","slug":"henrique-laranja-pp-toma-posse-como-vereador-em-petropolis","status":"publish","type":"post","link":"https:\/\/tvc16.com\/portal\/2025\/02\/05\/henrique-laranja-pp-toma-posse-como-vereador-em-petropolis\/","title":{"rendered":"Henrique Laranja (PP) toma posse como vereador em Petr\u00f3polis"},"content":{"rendered":"\n<p>Na tarde de ter\u00e7a-feira (04), Henrique Laranja do Partido Progressista (PP) foi oficialmente empossado como vereador da C\u00e2mara Municipal de Petr\u00f3polis. Henrique assume a vaga deixada por Gilda Beatriz (PP), que agora faz parte do Executivo Municipal como Secret\u00e1ria da Pessoa com Defici\u00eancia, Mobilidade Reduzida e Doen\u00e7as Raras, al\u00e9m de ser respons\u00e1vel pelos Direitos e Pol\u00edticas para as Mulheres do munic\u00edpio.<\/p>\n\n\n\n<p>Com 57 anos, pai de tr\u00eas filhos e av\u00f4 de tr\u00eas netos. Com uma trajet\u00f3ria s\u00f3lida e experi\u00eancia no transporte p\u00fablico, ele conta com 1.734 votos, consolidando sua presen\u00e7a pol\u00edtica na cidade. Nascido em uma fam\u00edlia de comerciantes conhecida na regi\u00e3o, Laranja tem se destacado pela atua\u00e7\u00e3o no setor de transporte rodovi\u00e1rio, al\u00e9m de seu compromisso com a melhoria da qualidade de vida da popula\u00e7\u00e3o, especialmente nas \u00e1reas de mobilidade e infraestrutura urbana.<\/p>\n\n\n\n<p>&#8220;Com meu foco no bem-estar social, vou me dedicar com energia e compromisso a projetos que promovam o desenvolvimento de Petr\u00f3polis e o avan\u00e7o das pol\u00edticas p\u00fablicas da cidade\u201d, afirmou o vereador.<\/p>\n\n\n\n<p>O presidente da C\u00e2mara Municipal de Petr\u00f3polis, vereador J\u00fanior Coruja deu as boas-vindas, destacando sua import\u00e2ncia para o fortalecimento do Legislativo e desenvolvimento do munic\u00edpio.<\/p>\n\n\n\n<p>Foto: divulga\u00e7\u00e3o<\/p>\n","protected":false},"excerpt":{"rendered":"<p>Na tarde de ter\u00e7a-feira (04), Henrique Laranja do Partido Progressista (PP) foi oficialmente empossado como<\/p>\n","protected":false},"author":2,"featured_media":98623,"comment_status":"open","ping_status":"open","sticky":false,"template":"","format":"standard","meta":{"footnotes":""},"categories":[12],"tags":[],"class_list":["post-98622","post","type-post","status-publish","format-standard","has-post-thumbnail","hentry","category-cidade"],"_links":{"self":[{"href":"https:\/\/tvc16.com\/portal\/wp-json\/wp\/v2\/posts\/98622","targetHints":{"allow":["GET"]}}],"collection":[{"href":"https:\/\/tvc16.com\/portal\/wp-json\/wp\/v2\/posts"}],"about":[{"href":"https:\/\/tvc16.com\/portal\/wp-json\/wp\/v2\/types\/post"}],"author":[{"embeddable":true,"href":"https:\/\/tvc16.com\/portal\/wp-json\/wp\/v2\/users\/2"}],"replies":[{"embeddable":true,"href":"https:\/\/tvc16.com\/portal\/wp-json\/wp\/v2\/comments?post=98622"}],"version-history":[{"count":1,"href":"https:\/\/tvc16.com\/portal\/wp-json\/wp\/v2\/posts\/98622\/revisions"}],"predecessor-version":[{"id":98624,"href":"https:\/\/tvc16.com\/portal\/wp-json\/wp\/v2\/posts\/98622\/revisions\/98624"}],"wp:featuredmedia":[{"embeddable":true,"href":"https:\/\/tvc16.com\/portal\/wp-json\/wp\/v2\/media\/98623"}],"wp:attachment":[{"href":"https:\/\/tvc16.com\/portal\/wp-json\/wp\/v2\/media?parent=98622"}],"wp:term":[{"taxonomy":"category","embeddable":true,"href":"https:\/\/tvc16.com\/portal\/wp-json\/wp\/v2\/categories?post=98622"},{"taxonomy":"post_tag","embeddable":true,"href":"https:\/\/tvc16.com\/portal\/wp-json\/wp\/v2\/tags?post=98622"}],"curies":[{"name":"wp","href":"https:\/\/api.w.org\/{rel}","templated":true}]}}