{"id":98637,"date":"2025-02-05T14:14:17","date_gmt":"2025-02-05T17:14:17","guid":{"rendered":"https:\/\/tvc16.com\/portal\/?p=98637"},"modified":"2025-02-05T14:15:14","modified_gmt":"2025-02-05T17:15:14","slug":"prefeitura-realiza-espaco-do-empreendedor-na-feira","status":"publish","type":"post","link":"https:\/\/tvc16.com\/portal\/2025\/02\/05\/prefeitura-realiza-espaco-do-empreendedor-na-feira\/","title":{"rendered":"Prefeitura realiza Espa\u00e7o do Empreendedor na Feira"},"content":{"rendered":"\n<p><em>Ambiente foi uma oportunidade para feirantes se regularizarem com servi\u00e7os do MEI<\/em><\/p>\n\n\n\n<p>A Prefeitura por meio da Secretaria de Desenvolvimento Econ\u00f4mico, realizou na ter\u00e7a-feira (4), o Espa\u00e7o do Empreendedor na Feira, um ambiente montado no Espa\u00e7o do Feirante, na feira do Centro, para oferecer aos comerciantes uma oportunidade para se regularizarem como Microempreendedor Individual.<\/p>\n\n\n\n<p>\u201cEsse \u00e9 um trabalho fundamental para fomentar o desenvolvimento da nossa cidade, uma oportunidade para as nossas equipes ajudarem o comerciante local a conquistar os benef\u00edcios dispon\u00edveis como MEI\u201d, explica o prefeito Hingo Hammes.<\/p>\n\n\n\n<p>O Espa\u00e7o do Feirante ofereceu servi\u00e7os de abertura e regulariza\u00e7\u00e3o do MEI, Inscri\u00e7\u00e3o estadual e Domic\u00edlio Eletr\u00f4nico Trabalhista (DET). \u201cEstamos trabalhando para oferecer ao empreendedor uma oportunidade de se regularizar e aproveitar as vantagens que o MEI pode oferecer, para que o empres\u00e1rio possa crescer regularizado em nossa cidade\u201d, disse o secret\u00e1rio de Desenvolvimento Samir El Ghaoui.<\/p>\n\n\n\n<p>A a\u00e7\u00e3o foi realizada com foco no feirante, por\u00e9m, a Secretaria de Desenvolvimento tamb\u00e9m oferece o Espa\u00e7o do Empreendedor para que todos os empres\u00e1rios de Petr\u00f3polis possam contar com servi\u00e7os como: Declara\u00e7\u00e3o Anual de Faturamento (DASN), formaliza\u00e7\u00e3o do MEI, ades\u00e3o ao parcelamento do SIMEI, altera\u00e7\u00f5es de dados cadastrais do CCMEI, baixa do MEI, impress\u00e3o da DAS mensais, consulta de viabilidade e realiza\u00e7\u00e3o e orienta\u00e7\u00f5es de Neg\u00f3cios. \u201cEstamos trabalhando para que o empreendedor local saiba que pode contar com as nossas equipes para seguir se desenvolvendo\u201d, finaliza o secret\u00e1rio.<\/p>\n\n\n\n<p>O Espa\u00e7o do Empreendedor est\u00e1 dispon\u00edvel presencialmente de segunda a sexta, das 9h \u00e0s 17h, no Hipershopping, Alto da Serra, Rua Teresa, 1515, sobreloja, e remotamente pelo whatsapp (24) 2242-8750, ou pelo telefone de atendimento online (24) 2246-8536.<\/p>\n\n\n\n<p>Foto: divulga\u00e7\u00e3o <\/p>\n","protected":false},"excerpt":{"rendered":"<p>Ambiente foi uma oportunidade para feirantes se regularizarem com servi\u00e7os do MEI A Prefeitura por<\/p>\n","protected":false},"author":2,"featured_media":98639,"comment_status":"open","ping_status":"open","sticky":false,"template":"","format":"standard","meta":{"footnotes":""},"categories":[12],"tags":[],"class_list":["post-98637","post","type-post","status-publish","format-standard","has-post-thumbnail","hentry","category-cidade"],"_links":{"self":[{"href":"https:\/\/tvc16.com\/portal\/wp-json\/wp\/v2\/posts\/98637","targetHints":{"allow":["GET"]}}],"collection":[{"href":"https:\/\/tvc16.com\/portal\/wp-json\/wp\/v2\/posts"}],"about":[{"href":"https:\/\/tvc16.com\/portal\/wp-json\/wp\/v2\/types\/post"}],"author":[{"embeddable":true,"href":"https:\/\/tvc16.com\/portal\/wp-json\/wp\/v2\/users\/2"}],"replies":[{"embeddable":true,"href":"https:\/\/tvc16.com\/portal\/wp-json\/wp\/v2\/comments?post=98637"}],"version-history":[{"count":1,"href":"https:\/\/tvc16.com\/portal\/wp-json\/wp\/v2\/posts\/98637\/revisions"}],"predecessor-version":[{"id":98638,"href":"https:\/\/tvc16.com\/portal\/wp-json\/wp\/v2\/posts\/98637\/revisions\/98638"}],"wp:featuredmedia":[{"embeddable":true,"href":"https:\/\/tvc16.com\/portal\/wp-json\/wp\/v2\/media\/98639"}],"wp:attachment":[{"href":"https:\/\/tvc16.com\/portal\/wp-json\/wp\/v2\/media?parent=98637"}],"wp:term":[{"taxonomy":"category","embeddable":true,"href":"https:\/\/tvc16.com\/portal\/wp-json\/wp\/v2\/categories?post=98637"},{"taxonomy":"post_tag","embeddable":true,"href":"https:\/\/tvc16.com\/portal\/wp-json\/wp\/v2\/tags?post=98637"}],"curies":[{"name":"wp","href":"https:\/\/api.w.org\/{rel}","templated":true}]}}