{"id":98640,"date":"2025-02-05T14:17:13","date_gmt":"2025-02-05T17:17:13","guid":{"rendered":"https:\/\/tvc16.com\/portal\/?p=98640"},"modified":"2025-02-05T14:23:52","modified_gmt":"2025-02-05T17:23:52","slug":"volta-as-aulas-na-rede-municipal-de-petropolis-aconteceu-nesta-quarta-feira-05-com-reforco-no-transporte-e-no-transito","status":"publish","type":"post","link":"https:\/\/tvc16.com\/portal\/2025\/02\/05\/volta-as-aulas-na-rede-municipal-de-petropolis-aconteceu-nesta-quarta-feira-05-com-reforco-no-transporte-e-no-transito\/","title":{"rendered":"Volta \u00e0s aulas na rede municipal de Petr\u00f3polis aconteceu nesta quarta-feira (05) com refor\u00e7o no transporte e no tr\u00e2nsito"},"content":{"rendered":"\n<p>A Prefeitura de Petr\u00f3polis iniciou o ano letivo de 2025 nesta quarta-feira (5), com o retorno de mais de 36 mil alunos \u00e0s 191 unidades de ensino da rede municipal, incluindo 80 Centros de Educa\u00e7\u00e3o Infantil (CEIs). A Secretaria de Educa\u00e7\u00e3o preparou as escolas para acolher estudantes e fam\u00edlias nesse per\u00edodo inicial. A Companhia Petropolitana de Tr\u00e2nsito e Transportes (CPTrans) e a Guarda Civil implementaram um esquema especial para garantir fluidez no tr\u00e2nsito e refor\u00e7o no transporte p\u00fablico.<\/p>\n\n\n\n<p>Nos primeiros tr\u00eas dias, as equipes gestoras ter\u00e3o flexibilidade para organizar o funcionamento das unidades escolares. Os funcion\u00e1rios contratados, incluindo RPAs e terceirizados, j\u00e1 iniciam suas atividades. O acolhimento das fam\u00edlias ser\u00e1 prioridade.<\/p>\n\n\n\n<p>O prefeito Hingo Hammes destaca a import\u00e2ncia do retorno das atividades escolares para a cidade. \u201cO in\u00edcio do ano letivo \u00e9 um momento fundamental para milhares de fam\u00edlias. Trabalhamos para garantir que todas as escolas estejam prontas para receber os alunos com seguran\u00e7a e estrutura adequada. Al\u00e9m da parte pedag\u00f3gica, estamos atentos \u00e0 alimenta\u00e7\u00e3o, transporte e mobilidade urbana, para que esse retorno ocorra da melhor maneira poss\u00edvel. Contamos com a parceria de toda a comunidade escolar nesse processo\u201d.<\/p>\n\n\n\n<p>O secret\u00e1rio de Educa\u00e7\u00e3o, Alexandre Gurgel, refor\u00e7a os desafios enfrentados e as medidas adotadas para um retorno seguro. \u201cNesses primeiros tr\u00eas dias, podem ocorrer alguns ajustes finos para que tudo funcione corretamente. Desde o in\u00edcio temos atuado para corrigir falhas e aprimorar processos. O compromisso \u00e9 garantir um ambiente adequado para o aprendizado, oferecendo suporte tanto para alunos quanto para profissionais da educa\u00e7\u00e3o\u201d.<\/p>\n\n\n\n<p>Refor\u00e7o na mobilidade urbana<\/p>\n\n\n\n<p>A CPTrans organizou um plano de a\u00e7\u00e3o para o transporte p\u00fablico, considerando o retorno \u00e0s atividades escolares. Linhas que estavam suspensas durante o recesso retomam a opera\u00e7\u00e3o, enquanto outras voltam a circular com grade hor\u00e1ria normal. Algumas das linhas que ter\u00e3o refor\u00e7o na opera\u00e7\u00e3o incluem:<\/p>\n\n\n\n<p>\u2022 Cidade das Hort\u00eansias: 300 \u2013 Terminal Corr\u00eaas via Quissam\u00e3, 301 \u2013 Loteamento Samambaia via Rua G, 330 \u2013 Terminal Corr\u00eaas via Pedro Elmer<\/p>\n\n\n\n<p>\u2022 Cidade Real: 100 \u2013 Terminal Bingen, 104 \u2013 Vila Militar, 110 \u2013 Duarte da Silveira<\/p>\n\n\n\n<p>\u2022 TURP: 600 \u2013 Terminal Corr\u00eaas, 610 \u2013 Araras, 704 \u2013 Madame Machado<\/p>\n\n\n\n<p>A Guarda Civil tamb\u00e9m estar\u00e1 mobilizada para atuar nos principais pontos de reten\u00e7\u00e3o. O controle de carga e descarga foi ajustado para evitar bloqueios vi\u00e1rios, e agentes refor\u00e7ar\u00e3o a fiscaliza\u00e7\u00e3o em cruzamentos estrat\u00e9gicos, como a Rua Marechal Carmona, no Centro. O combate \u00e0 forma\u00e7\u00e3o de filas duplas ser\u00e1 intensificado, especialmente em \u00e1reas de grande circula\u00e7\u00e3o, como a Marechal Deodoro. Tr\u00eas viaturas permanecer\u00e3o em pontos fixos para monitoramento e interven\u00e7\u00e3o imediata.<\/p>\n\n\n\n<p>Foto: \u00a9 T\u00e2nia R\u00eago\/Ag\u00eancia Brasil<br><br><\/p>\n","protected":false},"excerpt":{"rendered":"<p>A Prefeitura de Petr\u00f3polis iniciou o ano letivo de 2025 nesta quarta-feira (5), com o<\/p>\n","protected":false},"author":2,"featured_media":98641,"comment_status":"open","ping_status":"open","sticky":false,"template":"","format":"standard","meta":{"footnotes":""},"categories":[12,1],"tags":[],"class_list":["post-98640","post","type-post","status-publish","format-standard","has-post-thumbnail","hentry","category-cidade","category-uncategorized"],"_links":{"self":[{"href":"https:\/\/tvc16.com\/portal\/wp-json\/wp\/v2\/posts\/98640","targetHints":{"allow":["GET"]}}],"collection":[{"href":"https:\/\/tvc16.com\/portal\/wp-json\/wp\/v2\/posts"}],"about":[{"href":"https:\/\/tvc16.com\/portal\/wp-json\/wp\/v2\/types\/post"}],"author":[{"embeddable":true,"href":"https:\/\/tvc16.com\/portal\/wp-json\/wp\/v2\/users\/2"}],"replies":[{"embeddable":true,"href":"https:\/\/tvc16.com\/portal\/wp-json\/wp\/v2\/comments?post=98640"}],"version-history":[{"count":1,"href":"https:\/\/tvc16.com\/portal\/wp-json\/wp\/v2\/posts\/98640\/revisions"}],"predecessor-version":[{"id":98642,"href":"https:\/\/tvc16.com\/portal\/wp-json\/wp\/v2\/posts\/98640\/revisions\/98642"}],"wp:featuredmedia":[{"embeddable":true,"href":"https:\/\/tvc16.com\/portal\/wp-json\/wp\/v2\/media\/98641"}],"wp:attachment":[{"href":"https:\/\/tvc16.com\/portal\/wp-json\/wp\/v2\/media?parent=98640"}],"wp:term":[{"taxonomy":"category","embeddable":true,"href":"https:\/\/tvc16.com\/portal\/wp-json\/wp\/v2\/categories?post=98640"},{"taxonomy":"post_tag","embeddable":true,"href":"https:\/\/tvc16.com\/portal\/wp-json\/wp\/v2\/tags?post=98640"}],"curies":[{"name":"wp","href":"https:\/\/api.w.org\/{rel}","templated":true}]}}