{"id":98643,"date":"2025-02-05T14:21:46","date_gmt":"2025-02-05T17:21:46","guid":{"rendered":"https:\/\/tvc16.com\/portal\/?p=98643"},"modified":"2025-02-05T14:21:48","modified_gmt":"2025-02-05T17:21:48","slug":"prefeitura-recebe-novas-doses-de-vacinas-contra-a-covid-19","status":"publish","type":"post","link":"https:\/\/tvc16.com\/portal\/2025\/02\/05\/prefeitura-recebe-novas-doses-de-vacinas-contra-a-covid-19\/","title":{"rendered":"Prefeitura recebe novas doses de vacinas contra a covid-19"},"content":{"rendered":"\n<p><em>Vacinas est\u00e3o dispon\u00edveis no Centro de Sa\u00fade e UBS de Itaipava<\/em><\/p>\n\n\n\n<p>Petr\u00f3polis recebeu 1.810 doses de vacinas contra a covid-19. Os novos lotes foram entregues \u00e0 Prefeitura na segunda-feira (03) e j\u00e1 est\u00e3o dispon\u00edveis para aplica\u00e7\u00e3o no Centro de Sa\u00fade Coletiva e na Unidade B\u00e1sica de Sa\u00fade (UBS) de Itaipava. S\u00e3o 450 doses do imunizante do laborat\u00f3rio Moderna, para crian\u00e7as menores de 12 anos, 1.190 da vacina Zalika, destinada para pessoas a partir de 12 anos de idade e 170 doses da vacina Pfizer Baby, que ser\u00e1 aplicada em crian\u00e7as de 6 meses a 4 anos.<\/p>\n\n\n\n<p>A vacina Moderna \u00e9 a vers\u00e3o XBB, uma atualiza\u00e7\u00e3o contra novas variantes do coronav\u00edrus. Ela \u00e9 exclusiva para crian\u00e7as menores de 12 anos. &#8220;A chegada dessas doses \u00e9 um al\u00edvio para as fam\u00edlias que aguardavam pela imuniza\u00e7\u00e3o de seus filhos. Vamos continuar com os esfor\u00e7os para garantir que cada crian\u00e7a tenha a prote\u00e7\u00e3o necess\u00e1ria contra a Covid-19\u201d, disse o prefeito Hingo Hammes.<\/p>\n\n\n\n<p>J\u00e1 a vacina destinada para pessoas a partir de 12 anos \u00e9 uma oportunidade para imunizar adolescentes e adultos, especialmente aqueles que ainda n\u00e3o tomaram a vacina ou precisam da dose de refor\u00e7o. &#8220;\u00c9 muito importante que todos que est\u00e3o nessa faixa et\u00e1ria busquem a vacina para completar o esquema de imuniza\u00e7\u00e3o. Estamos prontos para vacinar quem ainda n\u00e3o se vacinou e garantir que a prote\u00e7\u00e3o chegue a todos&#8221;, destacou o secret\u00e1rio de Sa\u00fade, Luis Cruzick. E a vacina Pfizer Baby \u00e9 uma vers\u00e3o adaptada para a faixa et\u00e1ria infantil e \u00e9 importante para garantir a prote\u00e7\u00e3o desse p\u00fablico contra a Covid-19.<\/p>\n\n\n\n<p>Para todos os imunizantes, o esquema prim\u00e1rio n\u00e3o permite a troca entre diferentes marcas. Ou seja, se uma crian\u00e7a tomou a primeira dose com a Pfizer Baby, deve continuar com a mesma vacina para a segunda dose. O mesmo vale para a Moderna.<\/p>\n\n\n\n<p>&#8220;A gente pede que a popula\u00e7\u00e3o fique atenta \u00e0 vacina que foi tomada e siga o esquema recomendado. N\u00e3o \u00e9 poss\u00edvel misturar as vacinas nesse esquema inicial&#8221;, explica a diretora do Departamento de Vigil\u00e2ncia em Sa\u00fade, Elisabeth Cavalcanti.<\/p>\n\n\n\n<p>Foto: \u00a9 Fabio Rodrigues Pozzebom\/Ag\u00eancia Brasil<br><br><\/p>\n","protected":false},"excerpt":{"rendered":"<p>Vacinas est\u00e3o dispon\u00edveis no Centro de Sa\u00fade e UBS de Itaipava Petr\u00f3polis recebeu 1.810 doses<\/p>\n","protected":false},"author":2,"featured_media":98644,"comment_status":"open","ping_status":"open","sticky":false,"template":"","format":"standard","meta":{"footnotes":""},"categories":[12],"tags":[],"class_list":["post-98643","post","type-post","status-publish","format-standard","has-post-thumbnail","hentry","category-cidade"],"_links":{"self":[{"href":"https:\/\/tvc16.com\/portal\/wp-json\/wp\/v2\/posts\/98643","targetHints":{"allow":["GET"]}}],"collection":[{"href":"https:\/\/tvc16.com\/portal\/wp-json\/wp\/v2\/posts"}],"about":[{"href":"https:\/\/tvc16.com\/portal\/wp-json\/wp\/v2\/types\/post"}],"author":[{"embeddable":true,"href":"https:\/\/tvc16.com\/portal\/wp-json\/wp\/v2\/users\/2"}],"replies":[{"embeddable":true,"href":"https:\/\/tvc16.com\/portal\/wp-json\/wp\/v2\/comments?post=98643"}],"version-history":[{"count":1,"href":"https:\/\/tvc16.com\/portal\/wp-json\/wp\/v2\/posts\/98643\/revisions"}],"predecessor-version":[{"id":98645,"href":"https:\/\/tvc16.com\/portal\/wp-json\/wp\/v2\/posts\/98643\/revisions\/98645"}],"wp:featuredmedia":[{"embeddable":true,"href":"https:\/\/tvc16.com\/portal\/wp-json\/wp\/v2\/media\/98644"}],"wp:attachment":[{"href":"https:\/\/tvc16.com\/portal\/wp-json\/wp\/v2\/media?parent=98643"}],"wp:term":[{"taxonomy":"category","embeddable":true,"href":"https:\/\/tvc16.com\/portal\/wp-json\/wp\/v2\/categories?post=98643"},{"taxonomy":"post_tag","embeddable":true,"href":"https:\/\/tvc16.com\/portal\/wp-json\/wp\/v2\/tags?post=98643"}],"curies":[{"name":"wp","href":"https:\/\/api.w.org\/{rel}","templated":true}]}}