{"id":98646,"date":"2025-02-08T05:00:00","date_gmt":"2025-02-08T08:00:00","guid":{"rendered":"https:\/\/tvc16.com\/portal\/?p=98646"},"modified":"2025-02-05T14:25:16","modified_gmt":"2025-02-05T17:25:16","slug":"inscricoes-abertas-para-cursos-do-etic-bingen","status":"publish","type":"post","link":"https:\/\/tvc16.com\/portal\/2025\/02\/08\/inscricoes-abertas-para-cursos-do-etic-bingen\/","title":{"rendered":"Inscri\u00e7\u00f5es abertas para cursos do ETIC Bingen"},"content":{"rendered":"\n<p><em>Ser\u00e3o abertas turmas de inform\u00e1tica, manuten\u00e7\u00e3o de computadores e educa\u00e7\u00e3o financeira<\/em><\/p>\n\n\n\n<p>A Prefeitura, por meio da Secretaria de Desenvolvimento Econ\u00f4mico, est\u00e1 com inscri\u00e7\u00f5es abertas para o Espa\u00e7o de Tecnologia e Inclus\u00e3o Comunit\u00e1ria do Bingen (ETIC). S\u00e3o 90 vagas para cursos de educa\u00e7\u00e3o financeira, manuten\u00e7\u00e3o de computadores e inform\u00e1tica.<\/p>\n\n\n\n<p>\u201cTemos um compromisso em transformar Petr\u00f3polis em uma cidade de oportunidades. Esse \u00e9 mais um passo em busca de oferecer educa\u00e7\u00e3o e capacita\u00e7\u00e3o a todos\u201d, disse o prefeito Hingo Hammes.<\/p>\n\n\n\n<p>As aulas do ETIC come\u00e7am em mar\u00e7o e ser\u00e3o abertas 10 turmas. Qualquer pessoa a partir dos 12 anos pode se inscrever. \u201cPetr\u00f3polis \u00e9 uma cidade tecnol\u00f3gica e precisamos fomentar este mercado. Os ETICs s\u00e3o uma oportunidade para preparar cada vez mais nossos alunos para este mercado de trabalho\u201d, afirma o secret\u00e1rio de Desenvolvimento Econ\u00f4mico Samir El Ghaoui.<\/p>\n\n\n\n<p>As inscri\u00e7\u00f5es seguem at\u00e9 o final de fevereiro e para mais informa\u00e7\u00f5es ou se inscrever entre em contato diretamente no ETIC Bingen, Rua Bingen, 520, \u00e0s ter\u00e7as e quintas, das 9h \u00e0s 17h, ou todos os dias pelo Whatsapp (24) 98124-9767.<\/p>\n\n\n\n<p>Foto: divulga\u00e7\u00e3o<\/p>\n","protected":false},"excerpt":{"rendered":"<p>Ser\u00e3o abertas turmas de inform\u00e1tica, manuten\u00e7\u00e3o de computadores e educa\u00e7\u00e3o financeira A Prefeitura, por meio<\/p>\n","protected":false},"author":2,"featured_media":98647,"comment_status":"open","ping_status":"open","sticky":false,"template":"","format":"standard","meta":{"footnotes":""},"categories":[12],"tags":[],"class_list":["post-98646","post","type-post","status-publish","format-standard","has-post-thumbnail","hentry","category-cidade"],"_links":{"self":[{"href":"https:\/\/tvc16.com\/portal\/wp-json\/wp\/v2\/posts\/98646","targetHints":{"allow":["GET"]}}],"collection":[{"href":"https:\/\/tvc16.com\/portal\/wp-json\/wp\/v2\/posts"}],"about":[{"href":"https:\/\/tvc16.com\/portal\/wp-json\/wp\/v2\/types\/post"}],"author":[{"embeddable":true,"href":"https:\/\/tvc16.com\/portal\/wp-json\/wp\/v2\/users\/2"}],"replies":[{"embeddable":true,"href":"https:\/\/tvc16.com\/portal\/wp-json\/wp\/v2\/comments?post=98646"}],"version-history":[{"count":1,"href":"https:\/\/tvc16.com\/portal\/wp-json\/wp\/v2\/posts\/98646\/revisions"}],"predecessor-version":[{"id":98648,"href":"https:\/\/tvc16.com\/portal\/wp-json\/wp\/v2\/posts\/98646\/revisions\/98648"}],"wp:featuredmedia":[{"embeddable":true,"href":"https:\/\/tvc16.com\/portal\/wp-json\/wp\/v2\/media\/98647"}],"wp:attachment":[{"href":"https:\/\/tvc16.com\/portal\/wp-json\/wp\/v2\/media?parent=98646"}],"wp:term":[{"taxonomy":"category","embeddable":true,"href":"https:\/\/tvc16.com\/portal\/wp-json\/wp\/v2\/categories?post=98646"},{"taxonomy":"post_tag","embeddable":true,"href":"https:\/\/tvc16.com\/portal\/wp-json\/wp\/v2\/tags?post=98646"}],"curies":[{"name":"wp","href":"https:\/\/api.w.org\/{rel}","templated":true}]}}