{"id":98649,"date":"2025-02-08T04:30:00","date_gmt":"2025-02-08T07:30:00","guid":{"rendered":"https:\/\/tvc16.com\/portal\/?p=98649"},"modified":"2025-02-05T14:31:26","modified_gmt":"2025-02-05T17:31:26","slug":"emilia-perez-estreia-no-cinemaxx-bauhaus-exclusive","status":"publish","type":"post","link":"https:\/\/tvc16.com\/portal\/2025\/02\/08\/emilia-perez-estreia-no-cinemaxx-bauhaus-exclusive\/","title":{"rendered":"\u201cEmilia P\u00e9rez\u201d estreia no Cinemaxx Bauhaus Exclusive"},"content":{"rendered":"\n<p>O Cinemaxx Bauhaus Exclusive, em Petr\u00f3polis, recebe at\u00e9 o dia 12 de fevereiro, o filme Emilia P\u00e9rez, um drama musical que desafia conven\u00e7\u00f5es e promete impactar o p\u00fablico. O longa, estrelado por Zoe Saldana, acompanha Rita, uma advogada brilhante e subestimada, que recebe uma proposta inusitada: ajudar um poderoso chefe do tr\u00e1fico, Juan Del Monte, a forjar sua aposentadoria e assumir sua verdadeira identidade como Em\u00edlia P\u00e9rez. A trama mistura suspense e musicalidade para contar uma hist\u00f3ria intensa de transforma\u00e7\u00e3o e liberdade. As sess\u00f5es acontecem \u00e0s 20h30, com exibi\u00e7\u00e3o legendada em 2D, exceto \u00e0s segundas-feiras.<\/p>\n\n\n\n<p>Al\u00e9m da estreia, a programa\u00e7\u00e3o da semana conta com outros tr\u00eas t\u00edtulos que seguem em cartaz. Conclave, em sua terceira semana, leva os espectadores aos bastidores de um dos eventos mais sigilosos do mundo: a escolha de um novo Papa. O filme acompanha o cardeal Lomeli (Ralph Fiennes), que se v\u00ea no centro de uma conspira\u00e7\u00e3o ao descobrir um segredo que pode abalar os alicerces da Igreja. As sess\u00f5es acontecem \u00e0s 15h30, em 2D legendado, exclusivamente \u00e0s quintas, s\u00e1bados e ter\u00e7as-feiras.<\/p>\n\n\n\n<p>Outro destaque \u00e9 Anora, tamb\u00e9m em sua terceira semana, que narra a trajet\u00f3ria de uma jovem trabalhadora do sexo no Brooklyn, que acredita ter encontrado sua grande oportunidade ao se casar impulsivamente com o filho de um oligarca russo. O drama, dirigido por Sean Baker, pode ser assistido em 2D legendado \u00e0s sextas, domingos e quartas-feiras, sempre \u00e0s 15h30.<\/p>\n\n\n\n<p>Fechando a programa\u00e7\u00e3o, Ainda Estou Aqui chega \u00e0 sua quarta semana de exibi\u00e7\u00e3o. Baseado na hist\u00f3ria real de Eunice Paiva, o filme traz uma emocionante reconstru\u00e7\u00e3o da luta de uma mulher em busca de respostas sobre o desaparecimento do marido durante a ditadura militar no Brasil. Com atua\u00e7\u00f5es marcantes de Fernanda Montenegro e Fernanda Torres, o drama \u00e9 exibido \u00e0s 18h em 2D, com exce\u00e7\u00e3o das segundas-feiras.<\/p>\n\n\n\n<p>Foto: divulga\u00e7\u00e3o <\/p>\n","protected":false},"excerpt":{"rendered":"<p>O Cinemaxx Bauhaus Exclusive, em Petr\u00f3polis, recebe at\u00e9 o dia 12 de fevereiro, o filme<\/p>\n","protected":false},"author":2,"featured_media":98650,"comment_status":"open","ping_status":"open","sticky":false,"template":"","format":"standard","meta":{"footnotes":""},"categories":[12],"tags":[],"class_list":["post-98649","post","type-post","status-publish","format-standard","has-post-thumbnail","hentry","category-cidade"],"_links":{"self":[{"href":"https:\/\/tvc16.com\/portal\/wp-json\/wp\/v2\/posts\/98649","targetHints":{"allow":["GET"]}}],"collection":[{"href":"https:\/\/tvc16.com\/portal\/wp-json\/wp\/v2\/posts"}],"about":[{"href":"https:\/\/tvc16.com\/portal\/wp-json\/wp\/v2\/types\/post"}],"author":[{"embeddable":true,"href":"https:\/\/tvc16.com\/portal\/wp-json\/wp\/v2\/users\/2"}],"replies":[{"embeddable":true,"href":"https:\/\/tvc16.com\/portal\/wp-json\/wp\/v2\/comments?post=98649"}],"version-history":[{"count":1,"href":"https:\/\/tvc16.com\/portal\/wp-json\/wp\/v2\/posts\/98649\/revisions"}],"predecessor-version":[{"id":98651,"href":"https:\/\/tvc16.com\/portal\/wp-json\/wp\/v2\/posts\/98649\/revisions\/98651"}],"wp:featuredmedia":[{"embeddable":true,"href":"https:\/\/tvc16.com\/portal\/wp-json\/wp\/v2\/media\/98650"}],"wp:attachment":[{"href":"https:\/\/tvc16.com\/portal\/wp-json\/wp\/v2\/media?parent=98649"}],"wp:term":[{"taxonomy":"category","embeddable":true,"href":"https:\/\/tvc16.com\/portal\/wp-json\/wp\/v2\/categories?post=98649"},{"taxonomy":"post_tag","embeddable":true,"href":"https:\/\/tvc16.com\/portal\/wp-json\/wp\/v2\/tags?post=98649"}],"curies":[{"name":"wp","href":"https:\/\/api.w.org\/{rel}","templated":true}]}}