{"id":98658,"date":"2025-02-05T14:40:11","date_gmt":"2025-02-05T17:40:11","guid":{"rendered":"https:\/\/tvc16.com\/portal\/?p=98658"},"modified":"2025-02-05T14:40:12","modified_gmt":"2025-02-05T17:40:12","slug":"alunos-novos-da-rede-municipal-de-teresopolis-devem-solicitar-o-cartao-riocard-escolar","status":"publish","type":"post","link":"https:\/\/tvc16.com\/portal\/2025\/02\/05\/alunos-novos-da-rede-municipal-de-teresopolis-devem-solicitar-o-cartao-riocard-escolar\/","title":{"rendered":"Alunos novos da Rede Municipal de Teres\u00f3polis devem solicitar o Cart\u00e3o RioCard Escolar"},"content":{"rendered":"\n<p>Estudantes novos, ou respons\u00e1veis, que efetivaram matr\u00edculas nas escolas municipais para 2025, devem procurar a Loja RioCard, na V\u00e1rzea, para confeccionar a carteirinha que d\u00e1 direito ao passe livre. Os documentos necess\u00e1rios est\u00e3o listados abaixo.&nbsp;As aulas na Rede Municipal de Ensino come\u00e7aram nesta quarta-feira, 5, e, de acordo com a empresa concession\u00e1ria de transporte p\u00fablico, at\u00e9 o pr\u00f3ximo dia 21, os estudantes que ainda n\u00e3o tiverem o cart\u00e3o poder\u00e3o embarcar nos \u00f4nibus somente com o uso do uniforme escolar. A partir dessa data s\u00f3 ser\u00e1 poss\u00edvel viajar usando o cart\u00e3o.<\/p>\n\n\n\n<p>Pais ou respons\u00e1veis pelos alunos da Rede P\u00fablica Municipal que j\u00e1 utilizam a carteirinha de \u00f4nibus, e mudaram de escola ou de turno, tamb\u00e9m precisam se dirigir ao posto da RioCard para atualizar o documento. Deve ser apresentada a declara\u00e7\u00e3o escolar, o comprovante de resid\u00eancia e o cart\u00e3o do RioCard.<\/p>\n\n\n\n<p>J\u00e1 os estudantes que perderam o cart\u00e3o ou que est\u00e3o com o mesmo danificado devem solicitar a 2\u00aa via na unidade de ensino onde est\u00e3o matriculados.&nbsp;Se o estudante for maior de 18 anos, deve requerer a 2\u00aa via na loja Riocard Mais.&nbsp;O pr\u00f3prio aluno tem que estar presente para fazer o cart\u00e3o. Na loja dever\u00e1 apresentar os documentos listados abaixo.<\/p>\n\n\n\n<p>Caso o aluno n\u00e3o assine, dever\u00e1 estar acompanhado do respons\u00e1vel (pai\/m\u00e3e, av\u00f4\/av\u00f3). E o respons\u00e1vel deve apresentar o seu documento de identifica\u00e7\u00e3o oficial com foto &#8211; original. Se for av\u00f4 ou av\u00f3 obrigatoriamente o documento do aluno dever\u00e1 ser a certid\u00e3o&nbsp;de nascimento original.&nbsp;O aluno dever\u00e1 estar presente para tirar a foto do cart\u00e3o.<\/p>\n\n\n\n<p>A loja da RioCard Teres\u00f3polis fica localizada na Avenida Feliciano Sodr\u00e9, 579, na V\u00e1rzea, e funciona de segunda a sexta, das 8h \u00e0s 17h.<\/p>\n\n\n\n<p><strong>Documentos necess\u00e1rios<\/strong><\/p>\n\n\n\n<ul class=\"wp-block-list\">\n<li>Documento de identifica\u00e7\u00e3o oficial com foto ou certid\u00e3o de nascimento, se for menor &#8211; original<\/li>\n\n\n\n<li>CPF<\/li>\n\n\n\n<li>Declara\u00e7\u00e3o escolar original, carimbada e assinada pelo diretor, com validade de 30 dias<\/li>\n\n\n\n<li>Comprovante de resid\u00eancia original (conta de \u00e1gua, luz, g\u00e1s ou telefone), dos \u00faltimos 90 dias<\/li>\n<\/ul>\n\n\n\n<p>Foto: Tomaz Silva\/Ag\u00eancia Brasil<\/p>\n","protected":false},"excerpt":{"rendered":"<p>Estudantes novos, ou respons\u00e1veis, que efetivaram matr\u00edculas nas escolas municipais para 2025, devem procurar a<\/p>\n","protected":false},"author":2,"featured_media":98659,"comment_status":"open","ping_status":"open","sticky":false,"template":"","format":"standard","meta":{"footnotes":""},"categories":[17],"tags":[],"class_list":["post-98658","post","type-post","status-publish","format-standard","has-post-thumbnail","hentry","category-outras-noticias"],"_links":{"self":[{"href":"https:\/\/tvc16.com\/portal\/wp-json\/wp\/v2\/posts\/98658","targetHints":{"allow":["GET"]}}],"collection":[{"href":"https:\/\/tvc16.com\/portal\/wp-json\/wp\/v2\/posts"}],"about":[{"href":"https:\/\/tvc16.com\/portal\/wp-json\/wp\/v2\/types\/post"}],"author":[{"embeddable":true,"href":"https:\/\/tvc16.com\/portal\/wp-json\/wp\/v2\/users\/2"}],"replies":[{"embeddable":true,"href":"https:\/\/tvc16.com\/portal\/wp-json\/wp\/v2\/comments?post=98658"}],"version-history":[{"count":1,"href":"https:\/\/tvc16.com\/portal\/wp-json\/wp\/v2\/posts\/98658\/revisions"}],"predecessor-version":[{"id":98660,"href":"https:\/\/tvc16.com\/portal\/wp-json\/wp\/v2\/posts\/98658\/revisions\/98660"}],"wp:featuredmedia":[{"embeddable":true,"href":"https:\/\/tvc16.com\/portal\/wp-json\/wp\/v2\/media\/98659"}],"wp:attachment":[{"href":"https:\/\/tvc16.com\/portal\/wp-json\/wp\/v2\/media?parent=98658"}],"wp:term":[{"taxonomy":"category","embeddable":true,"href":"https:\/\/tvc16.com\/portal\/wp-json\/wp\/v2\/categories?post=98658"},{"taxonomy":"post_tag","embeddable":true,"href":"https:\/\/tvc16.com\/portal\/wp-json\/wp\/v2\/tags?post=98658"}],"curies":[{"name":"wp","href":"https:\/\/api.w.org\/{rel}","templated":true}]}}