{"id":9866,"date":"2021-01-24T16:10:22","date_gmt":"2021-01-24T19:10:22","guid":{"rendered":"https:\/\/tvc16.com\/portal\/?p=9866"},"modified":"2021-01-24T16:10:24","modified_gmt":"2021-01-24T19:10:24","slug":"mapa-de-risco-da-covid-19-estado-do-rio-sai-da-bandeira-vermelha-direto-para-bandeira-amarela-de-baixo-risco-metropolitana-l-e-a-unica-regiao-do-estado-que-se-manteve-em-bandeira-vermelha","status":"publish","type":"post","link":"https:\/\/tvc16.com\/portal\/2021\/01\/24\/mapa-de-risco-da-covid-19-estado-do-rio-sai-da-bandeira-vermelha-direto-para-bandeira-amarela-de-baixo-risco-metropolitana-l-e-a-unica-regiao-do-estado-que-se-manteve-em-bandeira-vermelha\/","title":{"rendered":"Mapa de Risco da Covid-19: Estado do Rio sai da bandeira vermelha direto para bandeira amarela, de baixo risco. Metropolitana l \u00e9 a \u00fanica regi\u00e3o do Estado que se manteve em bandeira vermelha"},"content":{"rendered":"\n<p><br>A 14\u00aa edi\u00e7\u00e3o do Mapa de Risco da Covid-19 apresentou uma melhora na situa\u00e7\u00e3o da pandemia no Estado do Rio. As regi\u00f5es Centro-Sul e Noroeste foram as que tiveram os melhores resultados: saindo da bandeira vermelha (alto risco) direto para a amarela (baixo risco). A Ba\u00eda de Ilha Grande, que antes estava na bandeira vermelha, evoluiu para a bandeira laranja (risco moderado). As regi\u00f5es Norte, M\u00e9dio Para\u00edba e Baixada Litor\u00e2nea sa\u00edram da bandeira laranja para a amarela. J\u00e1 a Regi\u00e3o Serrana, que estava na bandeira amarela, passou para a laranja. A Regi\u00e3o Metropolitana II (de Niter\u00f3i, S\u00e3o Gon\u00e7alo e munic\u00edpios vizinhos) se manteve na bandeira amarela. A Regi\u00e3o Metropolitana l foi a \u00fanica que permaneceu em bandeira vermelha.<\/p>\n\n\n\n<p>No geral, o Estado do Rio evoluiu da bandeira vermelha para a bandeira amarela. A an\u00e1lise compara a semana epidemiol\u00f3gica 52 (de 20 de dezembro a 26 de dezembro) com a 50 (de 06 de dezembro a 12 de dezembro).<\/p>\n\n\n\n<p>Cada bandeira representa um n\u00edvel de risco e um conjunto de recomenda\u00e7\u00f5es de isolamento social, que variam entre as cores roxa (risco muito alto), vermelha (risco alto), laranja (risco moderado), amarela (risco baixo) e verde (risco muito baixo).<br>O Rio de Janeiro apresentou uma redu\u00e7\u00e3o do n\u00famero de \u00f3bitos (-6,11%) e de casos de interna\u00e7\u00f5es por s\u00edndrome respirat\u00f3ria aguda grave (SRAG) (-31,4%) na compara\u00e7\u00e3o da semana epidemiol\u00f3gica 52 comparada com a 50.&nbsp; As taxas de ocupa\u00e7\u00e3o de leitos de UTI no estado tamb\u00e9m reduziram, refletindo ainda a abertura de leitos que ocorreram durante o m\u00eas de dezembro. &nbsp; &nbsp;<\/p>\n\n\n\n<p><strong>Enfrentamento \u00e0 Covid-19<\/strong>A Secretaria realizou, na \u00faltima ter\u00e7a-feira (19\/01), a entrega das primeiras doses das vacinas contra o Covid-19 para os 92 munic\u00edpios do Estado. A SES segue o Plano Nacional de Imuniza\u00e7\u00e3o (PNI) do Minist\u00e9rio da Sa\u00fade, que prev\u00ea a vacina\u00e7\u00e3o em quatro fases priorit\u00e1rias. Nesta primeira etapa, ser\u00e3o vacinados trabalhadores da linha de frente no tratamento de pacientes com coronav\u00edrus, idosos residentes em institui\u00e7\u00f5es de longa perman\u00eancia (institucionalizadas), pessoas com defici\u00eancia a partir de 18 anos de idade, moradores de Resid\u00eancias Inclusivas (institucionalizados) e popula\u00e7\u00e3o ind\u00edgena vivendo em terras ind\u00edgenas.<\/p>\n\n\n\n<p>A partir da d\u00e9cima quarta edi\u00e7\u00e3o, o mapa de risco passa a acompanhar a an\u00e1lise t\u00e9cnica do M\u00e9dico da Vigil\u00e2ncia em Sa\u00fade (SVS) Alexandre Chieppe. Ou\u00e7a:<\/p>\n\n\n\n<p><a rel=\"noreferrer noopener\" target=\"_blank\" href=\"https:\/\/www.saude.rj.gov.br\/comum\/code\/MostrarArquivo.php?C=Mzc0MjA%2C\">An\u00e1lise T\u00e9cnica<\/a><\/p>\n\n\n\n<p>A seguir, o painel de indicadores da Covid-19 e a nota t\u00e9cnica 02\/2021, elaborada pela Subsecretaria de Vigil\u00e2ncia em Sa\u00fade:<\/p>\n\n\n\n<p><a rel=\"noreferrer noopener\" target=\"_blank\" href=\"https:\/\/www.saude.rj.gov.br\/comum\/code\/MostrarArquivo.php?C=Mzc0MTk%2C\">Nota T\u00e9cnica N\u00ba 02\/2021<\/a><br><br><a rel=\"noreferrer noopener\" target=\"_blank\" href=\"https:\/\/www.saude.rj.gov.br\/comum\/code\/MostrarArquivo.php?C=Mzc0MTg%2C\">Painel de Indicadores da Covid-19 (18\/01\/2021)<\/a>&nbsp;&nbsp;<\/p>\n","protected":false},"excerpt":{"rendered":"<p>A 14\u00aa edi\u00e7\u00e3o do Mapa de Risco da Covid-19 apresentou uma melhora na situa\u00e7\u00e3o da<\/p>\n","protected":false},"author":2,"featured_media":9867,"comment_status":"open","ping_status":"open","sticky":false,"template":"","format":"standard","meta":{"footnotes":""},"categories":[17],"tags":[],"class_list":["post-9866","post","type-post","status-publish","format-standard","has-post-thumbnail","hentry","category-outras-noticias"],"_links":{"self":[{"href":"https:\/\/tvc16.com\/portal\/wp-json\/wp\/v2\/posts\/9866","targetHints":{"allow":["GET"]}}],"collection":[{"href":"https:\/\/tvc16.com\/portal\/wp-json\/wp\/v2\/posts"}],"about":[{"href":"https:\/\/tvc16.com\/portal\/wp-json\/wp\/v2\/types\/post"}],"author":[{"embeddable":true,"href":"https:\/\/tvc16.com\/portal\/wp-json\/wp\/v2\/users\/2"}],"replies":[{"embeddable":true,"href":"https:\/\/tvc16.com\/portal\/wp-json\/wp\/v2\/comments?post=9866"}],"version-history":[{"count":1,"href":"https:\/\/tvc16.com\/portal\/wp-json\/wp\/v2\/posts\/9866\/revisions"}],"predecessor-version":[{"id":9868,"href":"https:\/\/tvc16.com\/portal\/wp-json\/wp\/v2\/posts\/9866\/revisions\/9868"}],"wp:featuredmedia":[{"embeddable":true,"href":"https:\/\/tvc16.com\/portal\/wp-json\/wp\/v2\/media\/9867"}],"wp:attachment":[{"href":"https:\/\/tvc16.com\/portal\/wp-json\/wp\/v2\/media?parent=9866"}],"wp:term":[{"taxonomy":"category","embeddable":true,"href":"https:\/\/tvc16.com\/portal\/wp-json\/wp\/v2\/categories?post=9866"},{"taxonomy":"post_tag","embeddable":true,"href":"https:\/\/tvc16.com\/portal\/wp-json\/wp\/v2\/tags?post=9866"}],"curies":[{"name":"wp","href":"https:\/\/api.w.org\/{rel}","templated":true}]}}