{"id":98665,"date":"2025-02-08T05:00:00","date_gmt":"2025-02-08T08:00:00","guid":{"rendered":"https:\/\/tvc16.com\/portal\/?p=98665"},"modified":"2025-02-05T15:06:00","modified_gmt":"2025-02-05T18:06:00","slug":"inspirado-na-vida-e-obra-de-stefan-zweig-filme-o-grande-hotel-budapeste-sera-exibido-nesse-sabado-08","status":"publish","type":"post","link":"https:\/\/tvc16.com\/portal\/2025\/02\/08\/inspirado-na-vida-e-obra-de-stefan-zweig-filme-o-grande-hotel-budapeste-sera-exibido-nesse-sabado-08\/","title":{"rendered":"Inspirado na vida e obra de Stefan Zweig, filme \u201cO Grande Hotel Budapeste\u201d ser\u00e1 exibido nesse s\u00e1bado (08)"},"content":{"rendered":"\n<p><em>O cr\u00edtico Daniel Schenker debater\u00e1 com o p\u00fablico o filme ganhador de v\u00e1rios Oscars<\/em><\/p>\n\n\n\n<p>A autobiografia&nbsp;<em>O mundo de ontem<\/em>&nbsp;de Stefan Zweig e o romance&nbsp;<em>Cora\u00e7\u00e3o inquieto<\/em>&nbsp;inspiraram o premiado filme&nbsp;<em>O Grande Hotel Budapeste<\/em>, (2015) de Wes Anderson. \u00c9 uma divertida com\u00e9dia, indicado a nove estatuetas do Oscar. A divertida com\u00e9dia recebeu nove indica\u00e7\u00f5es ao Oscar em 2015. A exibi\u00e7\u00e3o ser\u00e1 seguida de debate com o cr\u00edtico e pesquisador Daniel Schenker no s\u00e1bado, 8 de fevereiro, \u00e0s 17h, com entrada franca e lugares limitados.<\/p>\n\n\n\n<p>Com roteiro original do escritor e cartunista brit\u00e2nico Hugo Guinness, parceiro de Wes Anderson em outras obras, a narrativa de&nbsp;<em>O Grande Hotel Budapeste<\/em>&nbsp;faz refer\u00eancia ao estilo de Stefan Zweig, com uma hist\u00f3ria dentro de outra. Tr\u00eas personagens evocam a obra de Zweig, entre eles o gerente do hotel, figura central da trama, e o escritor que narra a hist\u00f3ria.. Na \u00e9poca do lan\u00e7amento do filme, Alberto Dines, biografo de Stefan Zweig e idealizador do museu em homenagem ao escritor austr\u00edaco, disse que Wes Anderson \u201cse baseou em duas obras extremamente nost\u00e1lgicas de Zweig\u201d, revivendo o clima do antigo imp\u00e9rio austro-h\u00fangaro.<\/p>\n\n\n\n<p><strong>Sinopse:<\/strong><\/p>\n\n\n\n<p>No per\u00edodo entre as duas guerras mundiais, o famoso gerente de um hotel europeu conhece um jovem empregado e os dois se tornam os melhores amigos. Entre as aventuras vividas pelos dois, constam o roubo de um famoso quadro do Renascimento, a batalha pela grande fortuna de uma fam\u00edlia e as transforma\u00e7\u00f5es hist\u00f3ricas durante a primeira metade do s\u00e9culo XX.<\/p>\n\n\n\n<p><strong>Sobre o cr\u00edtico e debatedor:<\/strong><\/p>\n\n\n\n<p>Daniel Schenker \u00e9 bacharel em Comunica\u00e7\u00e3o Social pela Faculdade da Cidade (atual UniverCidade). Concluiu mestrado em artes c\u00eanicas pelo Programa de P\u00f3s Gradua\u00e7\u00e3o (PPGT) da UniRio. \u00c9 doutorando no mesmo programa. Trabalha, atualmente, como colaborador dos jornais&nbsp;<em>O Globo<\/em>,&nbsp;<em>O Estado de S.Paulo<\/em>&nbsp;e&nbsp;<em>Valor Econ\u00f4mico<\/em>&nbsp;e das revistas&nbsp;<em>Bravo!<\/em>&nbsp;e&nbsp;<em>Preview<\/em>. Tamb\u00e9m escreve para os sites&nbsp;<a rel=\"noreferrer noopener\" target=\"_blank\" href=\"https:\/\/na01.safelinks.protection.outlook.com\/?url=http%3A%2F%2Fwww.questaodecritica.com.br%2F&amp;data=05%7C02%7C%7C2c1a5efe59044bf1574f08dd451f32af%7C84df9e7fe9f640afb435aaaaaaaaaaaa%7C1%7C0%7C638742723985869234%7CUnknown%7CTWFpbGZsb3d8eyJFbXB0eU1hcGkiOnRydWUsIlYiOiIwLjAuMDAwMCIsIlAiOiJXaW4zMiIsIkFOIjoiTWFpbCIsIldUIjoyfQ%3D%3D%7C0%7C%7C%7C&amp;sdata=puDxpXk6nFPQWyqeswqu4OaaejmazpeGlzffMKI0%2B8E%3D&amp;reserved=0\">questaodecritica.com.br<\/a>&nbsp;e&nbsp;<a rel=\"noreferrer noopener\" target=\"_blank\" href=\"https:\/\/na01.safelinks.protection.outlook.com\/?url=https%3A%2F%2Fcriticos.com.br%2F&amp;data=05%7C02%7C%7C2c1a5efe59044bf1574f08dd451f32af%7C84df9e7fe9f640afb435aaaaaaaaaaaa%7C1%7C0%7C638742723985885698%7CUnknown%7CTWFpbGZsb3d8eyJFbXB0eU1hcGkiOnRydWUsIlYiOiIwLjAuMDAwMCIsIlAiOiJXaW4zMiIsIkFOIjoiTWFpbCIsIldUIjoyfQ%3D%3D%7C0%7C%7C%7C&amp;sdata=sOkIAfHRvTK7Smn0OLuaNO3NrHQoRifJXuLIU7hsib0%3D&amp;reserved=0\">criticos.com.br<\/a>. \u00c9 professor de teoria do teatro da Casa das Artes de Laranjeiras (CAL) e da UniverCidade, membro do j\u00fari dos pr\u00eamios da Associa\u00e7\u00e3o de Produtores de Teatro do Rio de Janeiro, Cesgranrio e Quest\u00e3o de Cr\u00edtica.<\/p>\n\n\n\n<p><strong>Sobre a Casa Stefan Zweig<\/strong><\/p>\n\n\n\n<p>A CASA STEFAN ZWEIG \u00e9 uma entidade cultural de direito privado, sem fins lucrativos, que homenageia a mem\u00f3ria do escritor austr\u00edaco na casa que foi sua \u00faltima morada. \u00c9 tamb\u00e9m um Memorial do Ex\u00edlio destinado a divulgar as obras de outros artistas, intelectuais e cientistas que se refugiaram no Brasil durante o per\u00edodo 1933-1945 e que contribu\u00edram para a cultura, as artes e a ci\u00eancia do pa\u00eds. Fiel ao ide\u00e1rio de Zweig, \u00e9 um centro de refer\u00eancia em defesa da paz, do humanismo e da democracia.<\/p>\n\n\n\n<p>Desde 2013, o Cineclube Casa Stefan Zweig exibe filmes inspirados na obra de Stefan Zweig e document\u00e1rios, com sess\u00f5es mensais sempre seguidas de debate com convidados. \u00c9 um espa\u00e7o de trocas e reflex\u00e3o sobre diferentes temas sens\u00edveis \u00e0s comunidades petropolitanas como a cidade, direitos, combate ao racismo e \u00e0 intoler\u00e2ncia, literatura, artes visuais, psican\u00e1lise, m\u00fasica, hist\u00f3ria, sempre com entrada franca.<\/p>\n\n\n\n<p>O Cineclube Casa Stefan Zweig integra a Programa\u00e7\u00e3o Cultural 2025 da Casa Stefan Zweig, com apoio da Prefeitura Municipal de Petr\u00f3polis, por meio do edital municipal do Cultura Viva do Plano Nacional Aldir Blanc (PNAB) e da Lei Federal de Incentivo \u00e0 Cultura (Lei Rouanet).<\/p>\n\n\n\n<p><strong>Servi\u00e7o:<\/strong><\/p>\n\n\n\n<p>Cineclube Casa Stefan Zweig:&nbsp;<em>O Grande Hotel Budapeste<\/em>&nbsp;(Alemanha, EUA, 2015) debate com o cr\u00edtico e pesquisador Daniel Schenker<\/p>\n\n\n\n<p>Data: s\u00e1bado, 8\/2\/2024<\/p>\n\n\n\n<p>Hor\u00e1rio:&nbsp; 17h<\/p>\n\n\n\n<p>Local: Casa Stefan Zweig \u2013 Rua Gon\u00e7alves Dias, 34<\/p>\n\n\n\n<p>Entrada franca \u2013 lugares limitados<\/p>\n\n\n\n<p>Foto: divulga\u00e7\u00e3o<\/p>\n","protected":false},"excerpt":{"rendered":"<p>O cr\u00edtico Daniel Schenker debater\u00e1 com o p\u00fablico o filme ganhador de v\u00e1rios Oscars A<\/p>\n","protected":false},"author":2,"featured_media":98666,"comment_status":"open","ping_status":"open","sticky":false,"template":"","format":"standard","meta":{"footnotes":""},"categories":[12],"tags":[],"class_list":["post-98665","post","type-post","status-publish","format-standard","has-post-thumbnail","hentry","category-cidade"],"_links":{"self":[{"href":"https:\/\/tvc16.com\/portal\/wp-json\/wp\/v2\/posts\/98665","targetHints":{"allow":["GET"]}}],"collection":[{"href":"https:\/\/tvc16.com\/portal\/wp-json\/wp\/v2\/posts"}],"about":[{"href":"https:\/\/tvc16.com\/portal\/wp-json\/wp\/v2\/types\/post"}],"author":[{"embeddable":true,"href":"https:\/\/tvc16.com\/portal\/wp-json\/wp\/v2\/users\/2"}],"replies":[{"embeddable":true,"href":"https:\/\/tvc16.com\/portal\/wp-json\/wp\/v2\/comments?post=98665"}],"version-history":[{"count":1,"href":"https:\/\/tvc16.com\/portal\/wp-json\/wp\/v2\/posts\/98665\/revisions"}],"predecessor-version":[{"id":98667,"href":"https:\/\/tvc16.com\/portal\/wp-json\/wp\/v2\/posts\/98665\/revisions\/98667"}],"wp:featuredmedia":[{"embeddable":true,"href":"https:\/\/tvc16.com\/portal\/wp-json\/wp\/v2\/media\/98666"}],"wp:attachment":[{"href":"https:\/\/tvc16.com\/portal\/wp-json\/wp\/v2\/media?parent=98665"}],"wp:term":[{"taxonomy":"category","embeddable":true,"href":"https:\/\/tvc16.com\/portal\/wp-json\/wp\/v2\/categories?post=98665"},{"taxonomy":"post_tag","embeddable":true,"href":"https:\/\/tvc16.com\/portal\/wp-json\/wp\/v2\/tags?post=98665"}],"curies":[{"name":"wp","href":"https:\/\/api.w.org\/{rel}","templated":true}]}}