{"id":98668,"date":"2025-02-09T05:00:00","date_gmt":"2025-02-09T08:00:00","guid":{"rendered":"https:\/\/tvc16.com\/portal\/?p=98668"},"modified":"2025-02-05T16:17:11","modified_gmt":"2025-02-05T19:17:11","slug":"teatro-imperial-recebe-icone-da-comedia-nacional-cacau-protasio-com-o-stand-up-100-cacau","status":"publish","type":"post","link":"https:\/\/tvc16.com\/portal\/2025\/02\/09\/teatro-imperial-recebe-icone-da-comedia-nacional-cacau-protasio-com-o-stand-up-100-cacau\/","title":{"rendered":"Teatro Imperial recebe \u00edcone da com\u00e9dia nacional, Cacau Prot\u00e1sio, com o stand up \u201c100% Cacau\u201d"},"content":{"rendered":"\n<p><em>A programa\u00e7\u00e3o faz parte de uma s\u00e9rie de atividades em comemora\u00e7\u00e3o ao m\u00eas da mulher&nbsp;<\/em><\/p>\n\n\n\n<p>Prometendo arrancar gargalhadas do p\u00fablico, a atriz e humorista Cacau Prot\u00e1sio sobe a Serra para uma apresenta\u00e7\u00e3o in\u00e9dita em Petr\u00f3polis. O show de stand-up \u201c100% Cacau\u201d acontece, no dia 23 de mar\u00e7o (domingo), \u00e0s 18h, no palco do Teatro Imperial. A programa\u00e7\u00e3o faz parte de uma s\u00e9rie de atividades especiais no Teatro Imperial em comemora\u00e7\u00e3o ao M\u00eas da Mulher.&nbsp;<\/p>\n\n\n\n<p>Depois do sucesso na TV e no cinema, a atriz estreia seu pr\u00f3prio espet\u00e1culo, onde re\u00fane hist\u00f3rias hil\u00e1rias reunidas em sua trajet\u00f3ria. Sua carreira \u00e9 repleta de pe\u00e7as e montagens, dentre elas a aclamada pelo p\u00fablico e cr\u00edtica \u201cTrair e Co\u00e7ar \u00e9 S\u00f3 Come\u00e7ar\u201d. Cacau tamb\u00e9m participou de diversos filmes, ganhando destaque com os sucessos de bilheteria:\u201cVai que cola &#8211; O Filme\u201d,\u201d Vai que cola &#8211; O Filme 2\u201d , e \u201c Os Farofeiros\u201d. Recentemente a atriz deu vida a \u201cNega Juju\u201d, no filme \u201cNo Gog\u00f3 do Paulinho\u201d e protagonizou \u201cJuntos e Enrolados\u201d com Rafael Portugal.&nbsp;<\/p>\n\n\n\n<p>Na TV fez parte de grandes projetos, tais como: O Clone (2002), A Grande Fam\u00edlia (2003), A Diarista (2007), Malha\u00e7\u00e3o (2009) e Ti Ti Ti(2010), mas os grandes \u00edndices de popularidade vieram quando interpretou a personagem Zez\u00e9, na novela, \u201cAvenida Brasil\u201d, de Jo\u00e3o Emanuel Carneiro.&nbsp;<\/p>\n\n\n\n<p>Atualmente Cacau desponta no cen\u00e1rio nacional com grande destaque no programa humor\u00edstico \u201cVai Que Cola\u201d, no qual representa Terezinha.&nbsp;<\/p>\n\n\n\n<p>O Teatro Imperial \u00e9 apresentado pela Enel, com realiza\u00e7\u00e3o da Natureza Produ\u00e7\u00f5es.&nbsp;<\/p>\n\n\n\n<p><strong>Servi\u00e7o&nbsp;<\/strong><\/p>\n\n\n\n<p>Cacau Prot\u00e1sio &#8211; 100% Cacau&nbsp;<\/p>\n\n\n\n<p>Classifica\u00e7\u00e3o 12 anos<\/p>\n\n\n\n<p>Domingo, 23 de mar\u00e7o, \u00e0s 18h&nbsp;<\/p>\n\n\n\n<p>Ingressos a partir de R$ 35,00 \u00e0 venda na Bilheteria do Teatro ou pelo site:&nbsp;<a rel=\"noreferrer noopener\" target=\"_blank\" href=\"https:\/\/na01.safelinks.protection.outlook.com\/?url=https%3A%2F%2Fingressodigital.com%2Fevento%2F14879%2FCacau_Protsio__100_Por_Cento_Cacau&amp;data=05%7C02%7C%7C02532c5f040f4c4eacb608dd461966e5%7C84df9e7fe9f640afb435aaaaaaaaaaaa%7C1%7C0%7C638743797104444120%7CUnknown%7CTWFpbGZsb3d8eyJFbXB0eU1hcGkiOnRydWUsIlYiOiIwLjAuMDAwMCIsIlAiOiJXaW4zMiIsIkFOIjoiTWFpbCIsIldUIjoyfQ%3D%3D%7C0%7C%7C%7C&amp;sdata=T8l%2Bd86PN%2BbGMkKp19Ca9wPWKZIllHWav3a%2BFvlWQII%3D&amp;reserved=0\">https:\/\/ingressodigital.com\/evento\/14879\/Cacau_Protsio__100_Por_Cento_Cacau<\/a><\/p>\n\n\n\n<p>Teatro Imperial&nbsp;<\/p>\n\n\n\n<p>Rua Marechal Deodoro, 192 &#8211; Centro, Petr\u00f3polis &#8211; RJ<\/p>\n\n\n\n<p>Foto: divulga\u00e7\u00e3o<\/p>\n","protected":false},"excerpt":{"rendered":"<p>A programa\u00e7\u00e3o faz parte de uma s\u00e9rie de atividades em comemora\u00e7\u00e3o ao m\u00eas da mulher&nbsp;<\/p>\n","protected":false},"author":2,"featured_media":98669,"comment_status":"open","ping_status":"open","sticky":false,"template":"","format":"standard","meta":{"footnotes":""},"categories":[12],"tags":[],"class_list":["post-98668","post","type-post","status-publish","format-standard","has-post-thumbnail","hentry","category-cidade"],"_links":{"self":[{"href":"https:\/\/tvc16.com\/portal\/wp-json\/wp\/v2\/posts\/98668","targetHints":{"allow":["GET"]}}],"collection":[{"href":"https:\/\/tvc16.com\/portal\/wp-json\/wp\/v2\/posts"}],"about":[{"href":"https:\/\/tvc16.com\/portal\/wp-json\/wp\/v2\/types\/post"}],"author":[{"embeddable":true,"href":"https:\/\/tvc16.com\/portal\/wp-json\/wp\/v2\/users\/2"}],"replies":[{"embeddable":true,"href":"https:\/\/tvc16.com\/portal\/wp-json\/wp\/v2\/comments?post=98668"}],"version-history":[{"count":1,"href":"https:\/\/tvc16.com\/portal\/wp-json\/wp\/v2\/posts\/98668\/revisions"}],"predecessor-version":[{"id":98670,"href":"https:\/\/tvc16.com\/portal\/wp-json\/wp\/v2\/posts\/98668\/revisions\/98670"}],"wp:featuredmedia":[{"embeddable":true,"href":"https:\/\/tvc16.com\/portal\/wp-json\/wp\/v2\/media\/98669"}],"wp:attachment":[{"href":"https:\/\/tvc16.com\/portal\/wp-json\/wp\/v2\/media?parent=98668"}],"wp:term":[{"taxonomy":"category","embeddable":true,"href":"https:\/\/tvc16.com\/portal\/wp-json\/wp\/v2\/categories?post=98668"},{"taxonomy":"post_tag","embeddable":true,"href":"https:\/\/tvc16.com\/portal\/wp-json\/wp\/v2\/tags?post=98668"}],"curies":[{"name":"wp","href":"https:\/\/api.w.org\/{rel}","templated":true}]}}