{"id":98678,"date":"2025-02-06T08:35:54","date_gmt":"2025-02-06T11:35:54","guid":{"rendered":"https:\/\/tvc16.com\/portal\/?p=98678"},"modified":"2025-02-06T08:35:56","modified_gmt":"2025-02-06T11:35:56","slug":"claudio-castro-garante-ampliacao-do-horario-do-metro-para-atender-folioes-nos-ensaios-tecnicos-de-sabados","status":"publish","type":"post","link":"https:\/\/tvc16.com\/portal\/2025\/02\/06\/claudio-castro-garante-ampliacao-do-horario-do-metro-para-atender-folioes-nos-ensaios-tecnicos-de-sabados\/","title":{"rendered":"Cl\u00e1udio Castro garante amplia\u00e7\u00e3o do hor\u00e1rio do metr\u00f4 para atender foli\u00f5es nos ensaios t\u00e9cnicos de s\u00e1bados"},"content":{"rendered":"\n<p><em>Decis\u00e3o articulada com Liesa e Metr\u00f4Rio dar\u00e1 mais conforto ao p\u00fablico que vai ao Samb\u00f3dromo<\/em><\/p>\n\n\n\n<p>O governador Cl\u00e1udio Castro articulou com a concession\u00e1ria Metr\u00f4Rio a amplia\u00e7\u00e3o do hor\u00e1rio do funcionamento dos servi\u00e7os para melhor atender aos foli\u00f5es e ao p\u00fablico que assiste aos ensaios t\u00e9cnicos das escolas do Grupo Especial. Aos s\u00e1bados, a opera\u00e7\u00e3o ser\u00e1 estendida at\u00e9 2h da manh\u00e3.&nbsp;<\/p>\n\n\n\n<p>A solicita\u00e7\u00e3o foi feita pela Liga Independente das Escolas de Samba do Grupo Especial (Liesa), diante da grande demanda do \u00faltimo s\u00e1bado, quando mais de 58 mil pessoas lotaram as arquibancadas e frisas para assistir \u00e0s apresenta\u00e7\u00f5es da Para\u00edso do Tuiuti, da Beija-Flor de Nil\u00f3polis e da Mangueira.&nbsp;<\/p>\n\n\n\n<p>\u2013 Os ensaios t\u00e9cnicos na Sapuca\u00ed se consolidaram como um importante atrativo popular de cultura e lazer. Como gestor p\u00fablico, \u00e9 meu papel fazer essa articula\u00e7\u00e3o entre os promotores da festa e os prestadores de servi\u00e7o para dar conforto \u00e0 popula\u00e7\u00e3o que curte o Carnaval da cidade, facilitando a volta para casa \u2013 afirma o governador Cl\u00e1udio Castro.&nbsp;<\/p>\n\n\n\n<p>O presidente da Liesa, Gabriel David, destacou a import\u00e2ncia da medida para que o p\u00fablico aproveite a oportunidade de prestigiar suas escolas favoritas de forma gratuita no Samb\u00f3dromo.<\/p>\n\n\n\n<p>\u2013 As escolas de samba est\u00e3o na reta final da prepara\u00e7\u00e3o para o Rio Carnaval 2025 e os ensaios t\u00e9cnicos s\u00e3o fundamentais para aproximar ainda mais o p\u00fablico das agremia\u00e7\u00f5es. A extens\u00e3o do hor\u00e1rio de funcionamento do metr\u00f4 refor\u00e7a a seguran\u00e7a para que os sambistas e foli\u00f5es possam chegar e voltar do Samb\u00f3dromo com tranquilidade \u2013 ressalta o presidente da Liesa, Gabriel David.<\/p>\n\n\n\n<p><strong>Como vai funcionar o esquema especial do Metr\u00f4<\/strong><\/p>\n\n\n\n<p>Aos s\u00e1bados, nos pr\u00f3ximos dias de ensaios das agremia\u00e7\u00f5es do Grupo Especial, as esta\u00e7\u00f5es Pra\u00e7a Onze&nbsp; (setor par) e Central (setor \u00edmpar) estar\u00e3o abertas para embarque at\u00e9 as 2h. Aos domingos, o funcionamento vai at\u00e9 23h. Haver\u00e1 esquema especial tamb\u00e9m para a \u00faltima semana, nos ensaios de som e luz, que atraem mais p\u00fablico. Na sexta-feira (21\/02), as esta\u00e7\u00f5es estar\u00e3o abertas at\u00e9 as 4h; no s\u00e1bado (22\/02) e no domingo, at\u00e9 2h.&nbsp;<\/p>\n\n\n\n<p><strong>Servi\u00e7o:&nbsp;<\/strong><\/p>\n\n\n\n<p>Amplia\u00e7\u00e3o do funcionamento do Metr\u00f4Rio para os ensaios t\u00e9cnicos:<\/p>\n\n\n\n<p>S\u00e1bados, 08 e 15\/02: at\u00e9 2h<\/p>\n\n\n\n<p>Domingos, 09 e 16\/02: at\u00e9 23h<\/p>\n\n\n\n<p>Ensaios de som e luz:<\/p>\n\n\n\n<p>Sexta, 21\/02: at\u00e9 4h<\/p>\n\n\n\n<p>S\u00e1bado, 22\/02: at\u00e9 2h<\/p>\n\n\n\n<p>Domingo, 23\/02: at\u00e9 2h<\/p>\n","protected":false},"excerpt":{"rendered":"<p>Decis\u00e3o articulada com Liesa e Metr\u00f4Rio dar\u00e1 mais conforto ao p\u00fablico que vai ao Samb\u00f3dromo<\/p>\n","protected":false},"author":2,"featured_media":92517,"comment_status":"open","ping_status":"open","sticky":false,"template":"","format":"standard","meta":{"footnotes":""},"categories":[17],"tags":[],"class_list":["post-98678","post","type-post","status-publish","format-standard","has-post-thumbnail","hentry","category-outras-noticias"],"_links":{"self":[{"href":"https:\/\/tvc16.com\/portal\/wp-json\/wp\/v2\/posts\/98678","targetHints":{"allow":["GET"]}}],"collection":[{"href":"https:\/\/tvc16.com\/portal\/wp-json\/wp\/v2\/posts"}],"about":[{"href":"https:\/\/tvc16.com\/portal\/wp-json\/wp\/v2\/types\/post"}],"author":[{"embeddable":true,"href":"https:\/\/tvc16.com\/portal\/wp-json\/wp\/v2\/users\/2"}],"replies":[{"embeddable":true,"href":"https:\/\/tvc16.com\/portal\/wp-json\/wp\/v2\/comments?post=98678"}],"version-history":[{"count":1,"href":"https:\/\/tvc16.com\/portal\/wp-json\/wp\/v2\/posts\/98678\/revisions"}],"predecessor-version":[{"id":98679,"href":"https:\/\/tvc16.com\/portal\/wp-json\/wp\/v2\/posts\/98678\/revisions\/98679"}],"wp:featuredmedia":[{"embeddable":true,"href":"https:\/\/tvc16.com\/portal\/wp-json\/wp\/v2\/media\/92517"}],"wp:attachment":[{"href":"https:\/\/tvc16.com\/portal\/wp-json\/wp\/v2\/media?parent=98678"}],"wp:term":[{"taxonomy":"category","embeddable":true,"href":"https:\/\/tvc16.com\/portal\/wp-json\/wp\/v2\/categories?post=98678"},{"taxonomy":"post_tag","embeddable":true,"href":"https:\/\/tvc16.com\/portal\/wp-json\/wp\/v2\/tags?post=98678"}],"curies":[{"name":"wp","href":"https:\/\/api.w.org\/{rel}","templated":true}]}}