{"id":98683,"date":"2025-02-06T08:41:59","date_gmt":"2025-02-06T11:41:59","guid":{"rendered":"https:\/\/tvc16.com\/portal\/?p=98683"},"modified":"2025-02-06T08:42:01","modified_gmt":"2025-02-06T11:42:01","slug":"ambulantes-terao-creche-para-deixar-os-filhos-no-carnaval-do-rio","status":"publish","type":"post","link":"https:\/\/tvc16.com\/portal\/2025\/02\/06\/ambulantes-terao-creche-para-deixar-os-filhos-no-carnaval-do-rio\/","title":{"rendered":"Ambulantes ter\u00e3o &#8220;creche&#8221; para deixar os filhos no carnaval do Rio"},"content":{"rendered":"\n<p><em>Prefeitura vai oferecer centros de conviv\u00eancia enquanto m\u00e3es trabalham<\/em><\/p>\n\n\n\n<p>Por Mariana Tokarnia &#8211; Rep\u00f3rter da Ag\u00eancia Brasil \/ Foto: Fernando Fraz\u00e3o\/Ag\u00eancia Brasil<\/p>\n\n\n\n<p><\/p>\n\n\n\n<p>Jornadas exaustivas, que come\u00e7am na madrugada e terminam apenas na madrugada seguinte, trabalhando em meio a&nbsp;milhares de foli\u00f5es em temperaturas muitas&nbsp;vezes superiores a 40 graus Celsius. \u00c9 no carnaval carioca que muitos trabalhadores ambulantes fazem um p\u00e9 de meia e garantem o sustento da fam\u00edlia.<img decoding=\"async\" src=\"https:\/\/agenciabrasil.ebc.com.br\/ebc.png?id=1629334&amp;o=node\"><img decoding=\"async\" src=\"https:\/\/agenciabrasil.ebc.com.br\/ebc.gif?id=1629334&amp;o=node\"><\/p>\n\n\n\n<p>O trabalho, que j\u00e1 \u00e9 cansativo para os adultos sozinhos, \u00e9 ainda mais para as m\u00e3es que n\u00e3o contam com rede de apoio e precisam levar junto crian\u00e7as pequenas para os blocos.<\/p>\n\n\n\n<p>Ter um local seguro para deixar os filhos enquanto trabalham \u00e9 uma demanda antiga das trabalhadoras. Em 2024, isso come\u00e7ou a sair do papel, mas ainda em pequena escala. Neste ano, as medidas ser\u00e3o ampliadas, atendendo a mais crian\u00e7as.<\/p>\n\n\n\n<p>A Secretaria Municipal de Assist\u00eancia Social do Rio (SMAS) vai&nbsp;oferecer um espa\u00e7o de conviv\u00eancia para filhos de at\u00e9 12 anos de ambulantes que trabalham no carnaval. Nos dias de ensaios t\u00e9cnicos e desfiles na Sapuca\u00ed, as m\u00e3es poder\u00e3o deixar os filhos no Espa\u00e7o de Desenvolvimento Infantil (EDI) Rachel de Queiroz, na Avenida Presidente Vargas, no centro, pr\u00f3ximo ao Samb\u00f3dromo, entre as 18h e as 6h do dia seguinte.<\/p>\n\n\n\n<p>Ser\u00e3o oferecidas 50 vagas por noite, cerca do dobro do ofertado em 2024. O atendimento ser\u00e1 a partir do dia 25 de janeiro, na primeira noite de ensaios t\u00e9cnicos, e vai at\u00e9 8 de mar\u00e7o, dia do Desfile das Campe\u00e3s. As crian\u00e7as contar\u00e3o com alimenta\u00e7\u00e3o, atividades recreativas e atividades art\u00edsticas e culturais.<\/p>\n\n\n\n<p>Al\u00e9m de atender a quem busca o servi\u00e7o, ser\u00e1 feita uma busca ativa. Segundo a Secretaria, assistentes sociais e educadores v\u00e3o circular e identificar as necessidades, fazendo um convite aos pais.&nbsp;<\/p>\n\n\n\n<h2 class=\"wp-block-heading\">Amplia\u00e7\u00e3o do atendimento<\/h2>\n\n\n\n<p>As trabalhadoras comemoram as conquistas, mas diante de muitas horas de trabalho ainda descobertas, querem a amplia\u00e7\u00e3o desse atendimento. Pedem&nbsp;que ele seja ofertado em mais locais, j\u00e1 que os blocos est\u00e3o em diferentes pontos da cidade, e tamb\u00e9m que esse servi\u00e7o seja oferecido no pr\u00e9-carnaval e durante todo o dia.<\/p>\n\n\n\n<p>Elas tamb\u00e9m querem&nbsp;que o atendimento seja feito em outros grandes eventos no Rio de Janeiro,&nbsp;al\u00e9m do carnaval. &nbsp;<\/p>\n\n\n\n<p>\u201cA gente sai de manh\u00e3, \u00e0s 5h30, 6h da manh\u00e3, para comprar bebida,&nbsp;ir \u00e0&nbsp;rua pegar o primeiro bloco que come\u00e7a \u00e0s 7h, 8h. A\u00ed a gente vai pulando de um bloco para outro. Acaba um bloco, a ambulante pula para outro bloco. Ent\u00e3o, normalmente a gente chega em casa meia-noite e pouco, 1 hora da manh\u00e3\u201d, diz a coordenadora do coletivo Elas por Elas Provid\u00eancia, Carol Alves.<\/p>\n\n\n\n<p>O Elas por Elas \u00e9 um coletivo de mulheres trabalhadoras informais que lutam pelo reconhecimento e por direitos das mulheres em trabalhos sem carteira assinada. Carol conta que, em 2023, elas souberam de&nbsp;<a href=\"https:\/\/agenciabrasil.ebc.com.br\/cultura\/noticia\/2018-02\/filhos-de-ambulantes-sao-acolhidos-em-centros-de-convivencia-em-salvador\" target=\"_blank\" rel=\"noreferrer noopener\">iniciativas em Salvador<\/a>, que proporcionam espa\u00e7os seguros para que os filhos de ambulantes possam ficar enquanto os pais trabalham no carnaval. Desde ent\u00e3o, lutam por algo semelhante no Rio de Janeiro.<\/p>\n\n\n\n<p>\u201c\u00c9 bem dificultoso e \u00e9 bem triste voc\u00ea ver uma m\u00e3e tentando o sustento, tentando levar alimento para dentro de casa, em uma tripla jornada na rua e com a crian\u00e7a, sabe? A crian\u00e7a fica estressada, a crian\u00e7a fica com o estado psicol\u00f3gico totalmente abalado tamb\u00e9m, porque tem que ficar na rua, fazendo 40 graus nos dias, com a m\u00e3e vendendo bebida\u201d, diz.<\/p>\n\n\n\n<p>Em 2024, o servi\u00e7o foi oferecido pela primeira vez,&nbsp;fruto de parceria da 1\u00aa Vara da Inf\u00e2ncia, da Juventude e do Idoso da Capital, do Tribunal de Justi\u00e7a do Rio de Janeiro&nbsp;e da Secretaria Municipal de Assist\u00eancia Social.&nbsp;<\/p>\n\n\n\n<p>Neste ano, as organiza\u00e7\u00f5es de trabalhadores se uniram, buscando espa\u00e7o para uma campanha que j\u00e1 tinham: Campanha Creche no Carnaval, encampada pelo Coletivo Elas por Elas Provid\u00eancia junto ao Movimento dos Trabalhadores sem Direito.<\/p>\n\n\n\n<p>\u201cOs ambulantes s\u00e3o essenciais no carnaval, s\u00e3o essenciais nos grandes eventos. Sem um ambulante, o carnaval n\u00e3o anda. Sem um ambulante, uma festa, um grande evento, tamb\u00e9m n\u00e3o caminha, porque o ambulante t\u00e1 ali vendendo a \u00e1gua, vendendo um refrigerante, vendendo uma cerveja. N\u00f3s somos os gar\u00e7ons das grandes festas\u201d, diz<\/p>\n\n\n\n<h2 class=\"wp-block-heading\">Trabalho \u00e9 correria<\/h2>\n\n\n\n<p>Ta\u00eds Lopes conhece a rotina de ambulante no carnaval de perto, ela trabalha nessa \u00e1rea&nbsp;h\u00e1 8 anos. Desde o nascimento da filha mais nova, \u00c1gatha, h\u00e1 3 anos, ela tem a companhia da beb\u00ea.<\/p>\n\n\n\n<p>\u201cQuando vou trabalhar, sempre carrego minha filha. Eu sou ambulante, a\u00ed tenho que carreg\u00e1-la&nbsp;para comprar bebida. Eu carrego ela comigo para poder vender\u201d, conta.<\/p>\n\n\n\n<p>\u201cMeu trabalho \u00e9 correria, tadinha. Ela dorme, a\u00ed eu a acordo em cima da hora e&nbsp;falo: \u2018Vamos embora, filha\u2019. N\u00e3o tenho com quem deixar. Se tivesse uma rede de apoio, poderia ir&nbsp;trabalhar tranquila, s\u00f3 que n\u00e3o tenho. Eu junto um neg\u00f3cio, um biscoito, uma \u00e1gua e saio. Saio de manh\u00e3, a\u00ed dependendo do rumo que a gente pega, se tiver bloco, a gente vai esticando at\u00e9 onde der\u201d, diz.<\/p>\n\n\n\n<p>Tais \u00e9 m\u00e3e tamb\u00e9m de Kayky, 15 anos. Quando a filha mais nova nasceu, o pai os deixou e ela tornou-se m\u00e3e solo e precisa levar a filha para onde vai.<\/p>\n\n\n\n<p>\u201cS\u00f3 que por ela ser crian\u00e7a, fica cansada, s\u00f3 tem 3 anos. \u00c9 cansativo para ela, n\u00e3o tem um lugar para tomar um banho, nem&nbsp;para&nbsp;poder se esticar, deitar. ela vai andando comigo, a\u00ed t\u00e1 cansada, eu boto em cima da carro\u00e7a, vou puxando, vamos embora\u201d, diz. \u201cEu tenho que correr atr\u00e1s do sistema, porque se eu n\u00e3o correr, a gente n\u00e3o come, n\u00e3o bebe, n\u00e3o se veste\u201d.<\/p>\n\n\n\n<p>Ter um lugar para deixar a filha a anima. \u201cEu t\u00f4 muito feliz que a gente vai poder trabalhar tranquilo. N\u00e3o ficar preocupada de pessoas maldosas, porque infelizmente carnaval tem muito disso de querer passar, puxar a crian\u00e7a, aproveitar que a m\u00e3e t\u00e1 distra\u00edda\u201d.<br><br><\/p>\n","protected":false},"excerpt":{"rendered":"<p>Prefeitura vai oferecer centros de conviv\u00eancia enquanto m\u00e3es trabalham Por Mariana Tokarnia &#8211; Rep\u00f3rter da<\/p>\n","protected":false},"author":2,"featured_media":98684,"comment_status":"open","ping_status":"open","sticky":false,"template":"","format":"standard","meta":{"footnotes":""},"categories":[17],"tags":[],"class_list":["post-98683","post","type-post","status-publish","format-standard","has-post-thumbnail","hentry","category-outras-noticias"],"_links":{"self":[{"href":"https:\/\/tvc16.com\/portal\/wp-json\/wp\/v2\/posts\/98683","targetHints":{"allow":["GET"]}}],"collection":[{"href":"https:\/\/tvc16.com\/portal\/wp-json\/wp\/v2\/posts"}],"about":[{"href":"https:\/\/tvc16.com\/portal\/wp-json\/wp\/v2\/types\/post"}],"author":[{"embeddable":true,"href":"https:\/\/tvc16.com\/portal\/wp-json\/wp\/v2\/users\/2"}],"replies":[{"embeddable":true,"href":"https:\/\/tvc16.com\/portal\/wp-json\/wp\/v2\/comments?post=98683"}],"version-history":[{"count":1,"href":"https:\/\/tvc16.com\/portal\/wp-json\/wp\/v2\/posts\/98683\/revisions"}],"predecessor-version":[{"id":98685,"href":"https:\/\/tvc16.com\/portal\/wp-json\/wp\/v2\/posts\/98683\/revisions\/98685"}],"wp:featuredmedia":[{"embeddable":true,"href":"https:\/\/tvc16.com\/portal\/wp-json\/wp\/v2\/media\/98684"}],"wp:attachment":[{"href":"https:\/\/tvc16.com\/portal\/wp-json\/wp\/v2\/media?parent=98683"}],"wp:term":[{"taxonomy":"category","embeddable":true,"href":"https:\/\/tvc16.com\/portal\/wp-json\/wp\/v2\/categories?post=98683"},{"taxonomy":"post_tag","embeddable":true,"href":"https:\/\/tvc16.com\/portal\/wp-json\/wp\/v2\/tags?post=98683"}],"curies":[{"name":"wp","href":"https:\/\/api.w.org\/{rel}","templated":true}]}}