{"id":98686,"date":"2025-02-06T08:44:07","date_gmt":"2025-02-06T11:44:07","guid":{"rendered":"https:\/\/tvc16.com\/portal\/?p=98686"},"modified":"2025-02-06T08:44:09","modified_gmt":"2025-02-06T11:44:09","slug":"janeiro-de-2025-foi-o-mes-mais-quente-do-planeta","status":"publish","type":"post","link":"https:\/\/tvc16.com\/portal\/2025\/02\/06\/janeiro-de-2025-foi-o-mes-mais-quente-do-planeta\/","title":{"rendered":"Janeiro de 2025 foi o m\u00eas mais quente do planeta"},"content":{"rendered":"\n<p><em>Pesquisa \u00e9 do Servi\u00e7o Copernicus para Mudan\u00e7as Clim\u00e1ticas da UE<\/em><\/p>\n\n\n\n<p>Por Fab\u00edola Sinimb\u00fa &#8211; Rep\u00f3rter da Ag\u00eancia Brasil \/ Foto: T\u00e2nia R\u00eago\/Ag\u00eancia Brasil<\/p>\n\n\n\n<p><\/p>\n\n\n\n<p>Em janeiro de 2025, a temperatura do planeta registrou 1,75 grau Celsius (\u00b0C) acima do n\u00edvel pr\u00e9-industrial. Foi a maior j\u00e1 anotada pela s\u00e9rie hist\u00f3rica do Servi\u00e7o Copernicus para Mudan\u00e7as Clim\u00e1ticas da Uni\u00e3o Europeia, ficando 0,79\u00b0C acima da m\u00e9dia de 1991-2020 para o m\u00eas, com temperatura do ar na superf\u00edcie de 13,23\u00baC.<img decoding=\"async\" src=\"https:\/\/agenciabrasil.ebc.com.br\/ebc.png?id=1629166&amp;o=node\"><img decoding=\"async\" src=\"https:\/\/agenciabrasil.ebc.com.br\/ebc.gif?id=1629166&amp;o=node\"><\/p>\n\n\n\n<p>\u201cJaneiro de 2025 \u00e9 outro m\u00eas surpreendente, continuando as temperaturas recordes observadas nos \u00faltimos dois anos, apesar do desenvolvimento das condi\u00e7\u00f5es de La Ni\u00f1a no Pac\u00edfico tropical e seu efeito de resfriamento tempor\u00e1rio nas temperaturas globais\u201d, diz Samantha Burgess, l\u00edder estrat\u00e9gica para o clima do Centro Europeu de Previs\u00f5es Meteorol\u00f3gicas de M\u00e9dio Prazo (ECMWF, na sigla em ingl\u00eas).<\/p>\n\n\n\n<p>O registro leva o planeta ao 18\u00ba m\u00eas &#8211; dos \u00faltimos 19 meses &#8211; em que a temperatura m\u00e9dia global do ar superficial foi superior a 1,5\u00b0C acima do n\u00edvel pr\u00e9-industrial. De fevereiro de 2024 a janeiro de 2025, o planeta ficou 1,61\u00b0C acima da m\u00e9dia estimada de 1850-1900 usada para definir o n\u00edvel pr\u00e9-industrial.<\/p>\n\n\n\n<p>De acordo com o relat\u00f3rio da institui\u00e7\u00e3o divulgado nesta quinta-feira (6), as temperaturas acima da m\u00e9dia foram observadas principalmente no sudeste da Europa, nordeste e noroeste do Canad\u00e1, Alasca e Sib\u00e9ria, sul da Am\u00e9rica do Sul, \u00c1frica e grande parte da Austr\u00e1lia e Ant\u00e1rtica.<\/p>\n\n\n<div class=\"wp-block-image\">\n<figure class=\"alignleft is-resized\"><img decoding=\"async\" src=\"https:\/\/imagens.ebc.com.br\/cYzOPPsJeMEvJJUGcU0SIEVbsrs=\/754x0\/smart\/https:\/\/agenciabrasil.ebc.com.br\/sites\/default\/files\/thumbnails\/image\/2024\/12\/31\/_rbr2802.jpg?itok=ruPzW9q7\" alt=\"Rio de Janeiro(RJ), 31\/12\/2024 - Praia cheia com palcos montados na areia da Praia de Copacabana no \u00faltimo dia do ano.  Foto: T\u00e2nia R\u00eago\/Ag\u00eancia Brasil\" style=\"width:468px;height:auto\" title=\"T\u00e2nia R\u00eago\/Ag\u00eancia Brasil\"\/><figcaption class=\"wp-element-caption\"><em>Calor excessivo lota praias do Rio de Janeiro e de outras capitais &#8211;\u00a0<strong>T\u00e2nia R\u00eago\/Ag\u00eancia Brasil<\/strong><\/em><\/figcaption><\/figure>\n<\/div>\n\n\n<p>J\u00e1 no norte da Europa, Estados Unidos e nas regi\u00f5es mais orientais da R\u00fassia, Pen\u00ednsula Ar\u00e1bica e sudeste Asi\u00e1tico, as temperaturas foram abaixo da m\u00e9dia.<\/p>\n\n\n\n<p>A temperatura m\u00e9dia da superf\u00edcie do mar para janeiro foi de 20,78\u00baC, considerando as zonas temperadas e intertropical, a cerca de 10 metros de profundidade. De acordo com o Copernicus, esse \u00e9 o segundo valor mais alto anotado para o m\u00eas: 0,19\u00b0C abaixo de janeiro de 2024.<\/p>\n\n\n\n<h2 class=\"wp-block-heading\">Chuvas<\/h2>\n\n\n\n<p>O relat\u00f3rio informou ainda que janeiro tamb\u00e9m foi predominantemente mais \u00famido do que a m\u00e9dia, com fortes precipita\u00e7\u00f5es que levaram a inunda\u00e7\u00f5es em algumas regi\u00f5es.<\/p>\n\n\n\n<p>A m\u00e9dia de chuvas foi maior na Europa Ocidental, em partes da It\u00e1lia, Escandin\u00e1via e pa\u00edses b\u00e1lticos; no Alasca, Canad\u00e1, centro e leste da R\u00fassia, leste da Austr\u00e1lia, sudeste da \u00c1frica e sul do Brasil.<\/p>\n\n\n\n<h2 class=\"wp-block-heading\">Medi\u00e7\u00f5es<\/h2>\n\n\n\n<p>O Copernicus \u00e9 um programa de observa\u00e7\u00e3o da Terra que utiliza medi\u00e7\u00f5es de sat\u00e9lites, navios, aeronaves e esta\u00e7\u00f5es meteorol\u00f3gicas em todo o mundo para produzir an\u00e1lises de dados da atmosfera, marinho, Terra, altera\u00e7\u00f5es clim\u00e1ticas, seguran\u00e7a e emerg\u00eancia.<\/p>\n\n\n\n<p>O programa \u00e9 coordenado e gerido pela Comiss\u00e3o Europeia e implementado em parceria com estados-membros, Ag\u00eancia Espacial Europeia (ESA), Organiza\u00e7\u00e3o Europeia para a Explora\u00e7\u00e3o de Sat\u00e9lites Meteorol\u00f3gicos e Centro Europeu de Previs\u00f5es Meteorol\u00f3gicas em M\u00e9dio Prazo, entre outros.<br><br><\/p>\n","protected":false},"excerpt":{"rendered":"<p>Pesquisa \u00e9 do Servi\u00e7o Copernicus para Mudan\u00e7as Clim\u00e1ticas da UE Por Fab\u00edola Sinimb\u00fa &#8211; Rep\u00f3rter<\/p>\n","protected":false},"author":2,"featured_media":98687,"comment_status":"open","ping_status":"open","sticky":false,"template":"","format":"standard","meta":{"footnotes":""},"categories":[17],"tags":[],"class_list":["post-98686","post","type-post","status-publish","format-standard","has-post-thumbnail","hentry","category-outras-noticias"],"_links":{"self":[{"href":"https:\/\/tvc16.com\/portal\/wp-json\/wp\/v2\/posts\/98686","targetHints":{"allow":["GET"]}}],"collection":[{"href":"https:\/\/tvc16.com\/portal\/wp-json\/wp\/v2\/posts"}],"about":[{"href":"https:\/\/tvc16.com\/portal\/wp-json\/wp\/v2\/types\/post"}],"author":[{"embeddable":true,"href":"https:\/\/tvc16.com\/portal\/wp-json\/wp\/v2\/users\/2"}],"replies":[{"embeddable":true,"href":"https:\/\/tvc16.com\/portal\/wp-json\/wp\/v2\/comments?post=98686"}],"version-history":[{"count":1,"href":"https:\/\/tvc16.com\/portal\/wp-json\/wp\/v2\/posts\/98686\/revisions"}],"predecessor-version":[{"id":98688,"href":"https:\/\/tvc16.com\/portal\/wp-json\/wp\/v2\/posts\/98686\/revisions\/98688"}],"wp:featuredmedia":[{"embeddable":true,"href":"https:\/\/tvc16.com\/portal\/wp-json\/wp\/v2\/media\/98687"}],"wp:attachment":[{"href":"https:\/\/tvc16.com\/portal\/wp-json\/wp\/v2\/media?parent=98686"}],"wp:term":[{"taxonomy":"category","embeddable":true,"href":"https:\/\/tvc16.com\/portal\/wp-json\/wp\/v2\/categories?post=98686"},{"taxonomy":"post_tag","embeddable":true,"href":"https:\/\/tvc16.com\/portal\/wp-json\/wp\/v2\/tags?post=98686"}],"curies":[{"name":"wp","href":"https:\/\/api.w.org\/{rel}","templated":true}]}}