{"id":9869,"date":"2021-01-24T16:15:07","date_gmt":"2021-01-24T19:15:07","guid":{"rendered":"https:\/\/tvc16.com\/portal\/?p=9869"},"modified":"2021-01-24T16:15:09","modified_gmt":"2021-01-24T19:15:09","slug":"segunda-fase-de-pre-matriculas-na-rede-estadual-comeca-nesta-segunda-feira-25-as-8hs-os-dias-25-e-26-de-janeiro-serao-exclusivos-para-quem-nao-foi-alocado-na-1a-fase-a-partir-do-dia-27-01-prazo-se","status":"publish","type":"post","link":"https:\/\/tvc16.com\/portal\/2021\/01\/24\/segunda-fase-de-pre-matriculas-na-rede-estadual-comeca-nesta-segunda-feira-25-as-8hs-os-dias-25-e-26-de-janeiro-serao-exclusivos-para-quem-nao-foi-alocado-na-1a-fase-a-partir-do-dia-27-01-prazo-se\/","title":{"rendered":"Segunda fase de pr\u00e9-matr\u00edculas na rede estadual come\u00e7a nesta segunda-feira 25, \u00e0s 8hs. Os dias 25 e 26 de janeiro ser\u00e3o exclusivos para quem n\u00e3o foi alocado na 1\u00aa fase. A partir do dia 27\/01, prazo ser\u00e1 aberto para os demais candidatos"},"content":{"rendered":"\n<p><br>A Secretaria de Estado de Educa\u00e7\u00e3o (Seeduc) abrir\u00e1 na pr\u00f3xima segunda-feira, dia 25 de janeiro, \u00e0s 8h, a 2\u00aa fase de pr\u00e9-matr\u00edculas, pelo site Matr\u00edcula F\u00e1cil (<a rel=\"noreferrer noopener\" target=\"_blank\" href=\"http:\/\/www.matriculafacil.rj.gov.br\/\">www.matriculafacil.rj.gov.br<\/a>). At\u00e9 o dia 26\/01, as vagas ser\u00e3o dedicadas exclusivamente aos alunos que se inscreveram na 1\u00aa fase de pr\u00e9-matr\u00edcula, e n\u00e3o foram alocados em nenhuma unidade escolar.<\/p>\n\n\n\n<p>Para aqueles que n\u00e3o confirmaram matr\u00edcula na 1\u00aa fase ou que perderam os prazos de inscri\u00e7\u00e3o, haver\u00e1 uma nova oportunidade, a partir do dia 27 de janeiro, \u00e0s 8h, tamb\u00e9m pelo portal Matr\u00edcula F\u00e1cil.<\/p>\n\n\n\n<p>Diferente da fase anterior, essa \u00e9 uma etapa concorrente, em que as vagas dispon\u00edveis s\u00e3o as remanescentes da 1\u00aa fase, e o candidato escolhe apenas uma escola. A aloca\u00e7\u00e3o \u00e9 feita de forma imediata, por ordem de conclus\u00e3o da inscri\u00e7\u00e3o e de acordo com a disponibilidade de vagas.<\/p>\n\n\n\n<p>Ao concluir a pr\u00e9-matr\u00edcula no site, o candidato, ou seu respons\u00e1vel (para menores de 18 anos), dever\u00e1 comparecer \u00e0 unidade escolar escolhida com a documenta\u00e7\u00e3o necess\u00e1ria em at\u00e9 dois dias \u00fateis, a contar do dia seguinte ao da inscri\u00e7\u00e3o. \u00c9 necess\u00e1rio ter em m\u00e3os: Certid\u00e3o de Nascimento ou Casamento, Carteira de Identidade ou documento que a substitua; CPF, se possuir &#8211; original (ser\u00e1 devolvido no ato); Hist\u00f3rico Escolar ou Declara\u00e7\u00e3o da \u00faltima unidade escolar em que estudou, constando a s\u00e9rie para a qual o aluno est\u00e1 habilitado, ficando o original na escola; Carteira de Identidade e CPF do respons\u00e1vel legal, no caso de menor de 18 anos, original e c\u00f3pia; Laudo comprobat\u00f3rio de defici\u00eancias declaradas (se for o caso); Comprovante de resid\u00eancia com o mesmo endere\u00e7o informado no ato da inscri\u00e7\u00e3o da matr\u00edcula; Atestado m\u00e9dico espec\u00edfico para a pr\u00e1tica de atividade f\u00edsica de alto rendimento, no caso de matr\u00edcula nas unidades escolares com Ensino M\u00e9dio Vocacionado ao Esporte.<\/p>\n\n\n\n<p><strong>Primeira fase de pr\u00e9-matr\u00edculas<br><\/strong><br>A 1\u00aa fase de pr\u00e9-matr\u00edculas, realizada de 4 a 22 de dezembro de 2020 no site Matr\u00edcula F\u00e1cil, registrou, no total, 152.133 alunos interessados em ingressar em unidades da rede estadual de ensino.<\/p>\n\n\n\n<p><strong>Ouvidoria<\/strong><\/p>\n\n\n\n<p>Os canais da Ouvidoria da Seeduc estar\u00e3o abertos, das 8h \u00e0s 18h, para tirar d\u00favidas sobre aloca\u00e7\u00e3o e vagas na rede de ensino pelos telefones (21) 2380-9055 e (21) 2380-9160 e pelo Fala.Br (<a rel=\"noreferrer noopener\" target=\"_blank\" href=\"https:\/\/falabr.cgu.gov.br\/publico\/RJ\/Manifestacao\/RegistrarManifestacao\">https:\/\/falabr.cgu.gov.br\/publico\/RJ\/Manifestacao\/RegistrarManifestacao<\/a>).<\/p>\n","protected":false},"excerpt":{"rendered":"<p>A Secretaria de Estado de Educa\u00e7\u00e3o (Seeduc) abrir\u00e1 na pr\u00f3xima segunda-feira, dia 25 de janeiro,<\/p>\n","protected":false},"author":2,"featured_media":9870,"comment_status":"open","ping_status":"open","sticky":false,"template":"","format":"standard","meta":{"footnotes":""},"categories":[17],"tags":[],"class_list":["post-9869","post","type-post","status-publish","format-standard","has-post-thumbnail","hentry","category-outras-noticias"],"_links":{"self":[{"href":"https:\/\/tvc16.com\/portal\/wp-json\/wp\/v2\/posts\/9869","targetHints":{"allow":["GET"]}}],"collection":[{"href":"https:\/\/tvc16.com\/portal\/wp-json\/wp\/v2\/posts"}],"about":[{"href":"https:\/\/tvc16.com\/portal\/wp-json\/wp\/v2\/types\/post"}],"author":[{"embeddable":true,"href":"https:\/\/tvc16.com\/portal\/wp-json\/wp\/v2\/users\/2"}],"replies":[{"embeddable":true,"href":"https:\/\/tvc16.com\/portal\/wp-json\/wp\/v2\/comments?post=9869"}],"version-history":[{"count":1,"href":"https:\/\/tvc16.com\/portal\/wp-json\/wp\/v2\/posts\/9869\/revisions"}],"predecessor-version":[{"id":9871,"href":"https:\/\/tvc16.com\/portal\/wp-json\/wp\/v2\/posts\/9869\/revisions\/9871"}],"wp:featuredmedia":[{"embeddable":true,"href":"https:\/\/tvc16.com\/portal\/wp-json\/wp\/v2\/media\/9870"}],"wp:attachment":[{"href":"https:\/\/tvc16.com\/portal\/wp-json\/wp\/v2\/media?parent=9869"}],"wp:term":[{"taxonomy":"category","embeddable":true,"href":"https:\/\/tvc16.com\/portal\/wp-json\/wp\/v2\/categories?post=9869"},{"taxonomy":"post_tag","embeddable":true,"href":"https:\/\/tvc16.com\/portal\/wp-json\/wp\/v2\/tags?post=9869"}],"curies":[{"name":"wp","href":"https:\/\/api.w.org\/{rel}","templated":true}]}}