{"id":98702,"date":"2025-02-06T11:00:00","date_gmt":"2025-02-06T14:00:00","guid":{"rendered":"https:\/\/tvc16.com\/portal\/?p=98702"},"modified":"2025-02-06T13:12:31","modified_gmt":"2025-02-06T16:12:31","slug":"homem-fica-ferido-em-acidente-entre-onibus-e-carro-na-posse","status":"publish","type":"post","link":"https:\/\/tvc16.com\/portal\/2025\/02\/06\/homem-fica-ferido-em-acidente-entre-onibus-e-carro-na-posse\/","title":{"rendered":"Homem fica ferido em acidente entre \u00f4nibus e carro na Posse"},"content":{"rendered":"\n<p>Na noite desta quarta-feira (6), um grave acidente envolvendo um carro e um \u00f4nibus da empresa Turp Transportes, deixou pelo menos duas pessoas feridas na regi\u00e3o da Posse, em Petr\u00f3polis. O coletivo 711 fazia a viagem sentido Terminal Itaipava. O Corpo de Bombeiros foi acionado \u00e0s 21h50, para o acidente que aconteceu na Estrada Uni\u00e3o e Ind\u00fastria, na altura do n\u00famero 28.700. <\/p>\n\n\n\n<p>Um homem, de 40 anos, foi socorrido com ferimentos moderados e encaminhado ao Hospital Santa Teresa (HST), no Bingen. Imagens do acidente circularam nas redes sociais, mas ainda n\u00e3o se sabe as circunst\u00e2ncias da colis\u00e3o. De acordo com os Bombeiros, o SAMU tamb\u00e9m foi acionado para a ocorr\u00eancia.<\/p>\n\n\n\n<p>Em nota empresa de \u00f4nibus Turp Transporte informou que est\u00e1 apurando as poss\u00edveis causas do acidente, envolvendo o \u00f4nibus que operava a linha 711 \u2013 Posse. Testemunhas que estavam no local afirmam que o ve\u00edculo particular invadiu a contram\u00e3o da pista em alta velocidade. Uma passageira ficou ferida e a empresa est\u00e1 prestando o suporte necess\u00e1rio.<\/p>\n\n\n\n<p>A Turp Transporte ressaltou tamb\u00e9m, que o trecho do ocorrido, na Estrada Uni\u00e3o e Ind\u00fastria, entre o Maanaim e Sumidouro, \u00e9 um ponto cr\u00edtico de acidentes, devido \u00e0 falta de ilumina\u00e7\u00e3o e a necessidade de melhorias na sinaliza\u00e7\u00e3o do trecho. <\/p>\n\n\n\n<p>J\u00e1 a Prefeitura de Petr\u00f3polis, atrav\u00e9s da Secretaria de Sa\u00fade, informou que o Servi\u00e7o de Atendimento M\u00f3vel de Urg\u00eancia (Samu), atendeu duas v\u00edtimas no acidente ocorrido na Estrada Uni\u00e3o e Ind\u00fastria, na regi\u00e3o da Jacuba, no Distrito da Posse. Uma v\u00edtima, que estava no carro, foi encaminhada para o Hospital Santa Teresa. Uma segunda v\u00edtima, que estava no \u00f4nibus, foi encaminhada para a Unidade Pr\u00e9-Hospitalar Alcides Carneiro, no distrito de Pedro do Rio.<\/p>\n\n\n\n<p>Foto: reprodu\u00e7\u00e3o rede social<\/p>\n","protected":false},"excerpt":{"rendered":"<p>Na noite desta quarta-feira (6), um grave acidente envolvendo um carro e um \u00f4nibus da<\/p>\n","protected":false},"author":2,"featured_media":98708,"comment_status":"open","ping_status":"open","sticky":false,"template":"","format":"standard","meta":{"footnotes":""},"categories":[12],"tags":[],"class_list":["post-98702","post","type-post","status-publish","format-standard","has-post-thumbnail","hentry","category-cidade"],"_links":{"self":[{"href":"https:\/\/tvc16.com\/portal\/wp-json\/wp\/v2\/posts\/98702","targetHints":{"allow":["GET"]}}],"collection":[{"href":"https:\/\/tvc16.com\/portal\/wp-json\/wp\/v2\/posts"}],"about":[{"href":"https:\/\/tvc16.com\/portal\/wp-json\/wp\/v2\/types\/post"}],"author":[{"embeddable":true,"href":"https:\/\/tvc16.com\/portal\/wp-json\/wp\/v2\/users\/2"}],"replies":[{"embeddable":true,"href":"https:\/\/tvc16.com\/portal\/wp-json\/wp\/v2\/comments?post=98702"}],"version-history":[{"count":3,"href":"https:\/\/tvc16.com\/portal\/wp-json\/wp\/v2\/posts\/98702\/revisions"}],"predecessor-version":[{"id":98720,"href":"https:\/\/tvc16.com\/portal\/wp-json\/wp\/v2\/posts\/98702\/revisions\/98720"}],"wp:featuredmedia":[{"embeddable":true,"href":"https:\/\/tvc16.com\/portal\/wp-json\/wp\/v2\/media\/98708"}],"wp:attachment":[{"href":"https:\/\/tvc16.com\/portal\/wp-json\/wp\/v2\/media?parent=98702"}],"wp:term":[{"taxonomy":"category","embeddable":true,"href":"https:\/\/tvc16.com\/portal\/wp-json\/wp\/v2\/categories?post=98702"},{"taxonomy":"post_tag","embeddable":true,"href":"https:\/\/tvc16.com\/portal\/wp-json\/wp\/v2\/tags?post=98702"}],"curies":[{"name":"wp","href":"https:\/\/api.w.org\/{rel}","templated":true}]}}