{"id":98709,"date":"2025-02-06T11:45:16","date_gmt":"2025-02-06T14:45:16","guid":{"rendered":"https:\/\/tvc16.com\/portal\/?p=98709"},"modified":"2025-02-06T11:45:19","modified_gmt":"2025-02-06T14:45:19","slug":"fies-2025-inscricoes-terminam-nesta-sexta-feira","status":"publish","type":"post","link":"https:\/\/tvc16.com\/portal\/2025\/02\/06\/fies-2025-inscricoes-terminam-nesta-sexta-feira\/","title":{"rendered":"Fies 2025: inscri\u00e7\u00f5es terminam nesta sexta-feira"},"content":{"rendered":"\n<p><em>MEC oferta mais de 67,3 mil vagas no primeiro semestre<\/em><\/p>\n\n\n\n<p>Por Daniella Almeida &#8211; Rep\u00f3rter da Ag\u00eancia Brasil \/ Foto: Jos\u00e9 Cruz\/Ag\u00eancia Brasil<\/p>\n\n\n\n<p><\/p>\n\n\n\n<p>As inscri\u00e7\u00f5es gratuitas para o processo seletivo do Fundo de Financiamento Estudantil (Fies), referente ao primeiro semestre de 2025, terminam \u00e0s 23 horas e 59 minutos (no hor\u00e1rio oficial de Bras\u00edlia) desta sexta-feira (7).<img decoding=\"async\" src=\"https:\/\/agenciabrasil.ebc.com.br\/ebc.png?id=1629351&amp;o=node\"><img decoding=\"async\" src=\"https:\/\/agenciabrasil.ebc.com.br\/ebc.gif?id=1629351&amp;o=node\"><\/p>\n\n\n\n<p>O programa federal financia as mensalidades dos estudantes do ensino superior em institui\u00e7\u00f5es privadas de ensino superior.<\/p>\n\n\n\n<p>No processo seletivo, 50% das vagas ser\u00e3o reservadas a estudantes com renda familiar por pessoa de at\u00e9 meio sal\u00e1rio m\u00ednimo e inscritos no Cadastro \u00danico para Programas Sociais do Governo Federal (Cad\u00danico) em situa\u00e7\u00e3o de ativos.<\/p>\n\n\n\n<p>Neste ano, o Minist\u00e9rio da Educa\u00e7\u00e3o (MEC) oferecer\u00e1, ao todo, mais de 112 mil vagas, em dois processos seletivos do Fies, sendo 67.301 vagas no primeiro semestre e 44.867, no segundo semestre.&nbsp;<\/p>\n\n\n\n<h2 class=\"wp-block-heading\">Inscri\u00e7\u00e3o<\/h2>\n\n\n\n<p>Os interessados devem se inscrever no o&nbsp;<a href=\"https:\/\/acessounico.mec.gov.br\/fies\" target=\"_blank\" rel=\"noreferrer noopener\">Portal \u00danico de Acesso ao Ensino Superior<\/a>, na parte do Fies e fazer o&nbsp;<em>login<\/em>&nbsp;com a conta do&nbsp;<em>site<\/em>&nbsp;ou aplicativo de servi\u00e7os digitais do governo federal, o Gov.br.<\/p>\n\n\n\n<p>Na plataforma, devem ser preenchidos os dados pessoais e a escolaridade.<\/p>\n\n\n\n<p>Para concorrer \u00e0s vagas reservadas a pessoas pretas, pardas, ind\u00edgenas, quilombolas e pessoas com defici\u00eancia (PCD), a op\u00e7\u00e3o deve ser marcada na autodeclara\u00e7\u00e3o do perfil \u00e9tnico-racial.<\/p>\n\n\n\n<p>Em seguida, o candidato deve escolher os tr\u00eas cursos desejados, por ordem de prioridade entre as op\u00e7\u00f5es escolhidas. Neste momento de indica\u00e7\u00e3o de cada um dos tr\u00eas cursos, devem ser selecionados o estado, munic\u00edpio e a institui\u00e7\u00e3o de ensino escolhida.<\/p>\n\n\n\n<p>Por \u00faltimo, o candidato preencher\u00e1 seus dados financeiros e os da sua fam\u00edlia. O MEC orienta que, ao confirmar a inscri\u00e7\u00e3o, o candidato deve salvar o comprovante de inscri\u00e7\u00e3o com a chave de seguran\u00e7a.<\/p>\n\n\n\n<p>Os pr\u00e9-selecionados que atenderem \u00e0s regras do Fies Social, a contrata\u00e7\u00e3o do financiamento ser\u00e1 integral e o governo federal cobrir\u00e1 at\u00e9 100% dos encargos educacionais.<\/p>\n\n\n\n<h2 class=\"wp-block-heading\">Condi\u00e7\u00f5es<\/h2>\n\n\n\n<p>Para concorrer \u00e0s vagas do Fies, \u00e9 preciso ter prestado o Exame Nacional do Ensino M\u00e9dio (Enem) em qualquer uma de suas edi\u00e7\u00f5es a partir de 2010 at\u00e9 a mais recente.<\/p>\n\n\n\n<p>Al\u00e9m disso, o candidato deve ter alcan\u00e7ado, no m\u00ednimo, 450 pontos na m\u00e9dia aritm\u00e9tica das notas das cinco provas do exame, e a nota na prova de reda\u00e7\u00e3o precisa ser superior a zero.<\/p>\n\n\n\n<p>Os participantes do Enem na condi\u00e7\u00e3o de treineiro n\u00e3o podem se inscrever no Fies. O treineiro faz o Enem somente para autoavalia\u00e7\u00e3o e as notas n\u00e3o podem ser usadas para se inscrever nos programas de acesso ao ensino superior, como o Sisu, o Prouni e o Fies.<\/p>\n\n\n\n<p>Em rela\u00e7\u00e3o \u00e0 situa\u00e7\u00e3o dos candidatos inscritos no Cad\u00danico, ser\u00e3o considerados os dados de 11 de janeiro de 2025, como data de corte.<\/p>\n\n\n\n<h2 class=\"wp-block-heading\">Resultados<\/h2>\n\n\n\n<p>O processo seletivo do Fies ter\u00e1 chamada \u00fanica e, posteriormente, a lista de espera. O resultado da pr\u00e9-sele\u00e7\u00e3o na chamada \u00fanica ser\u00e1 divulgado em 18 de fevereiro.<\/p>\n\n\n\n<p>Entre 19 e 21 de fevereiro, os estudantes pr\u00e9-selecionados dever\u00e3o acessar o Fies Sele\u00e7\u00e3o para complementar a inscri\u00e7\u00e3o para obter o financiamento p\u00fablico das mensalidades em faculdades privadas.<\/p>\n\n\n\n<p>Os estudantes inscritos que ficarem fora da chamada regular ir\u00e3o automaticamente para lista de espera de eventuais vagas n\u00e3o preenchidas.<\/p>\n\n\n\n<p>O per\u00edodo de convoca\u00e7\u00e3o por meio da lista de espera ser\u00e1 de 25 de fevereiro a 9 de abril.&nbsp;<\/p>\n\n\n\n<p>O&nbsp;<a href=\"http:\/\/portalfies.mec.gov.br\/arquivos\/edital_n_03_15012025.pdf\" target=\"_blank\" rel=\"noreferrer noopener\">edital n\u00ba 3\/2025<\/a>, publicado pelo Minist\u00e9rio da Educa\u00e7\u00e3o, no&nbsp;<a href=\"http:\/\/portalfies.mec.gov.br\/arquivos\/edital_n_03_15012025.pdf\" target=\"_blank\" rel=\"noreferrer noopener\"><em>Di\u00e1rio Oficial da Uni\u00e3o<\/em><\/a>, em janeiro, traz as regras e o cronograma do processo seletivo.<br><br><\/p>\n","protected":false},"excerpt":{"rendered":"<p>MEC oferta mais de 67,3 mil vagas no primeiro semestre Por Daniella Almeida &#8211; Rep\u00f3rter<\/p>\n","protected":false},"author":2,"featured_media":98710,"comment_status":"open","ping_status":"open","sticky":false,"template":"","format":"standard","meta":{"footnotes":""},"categories":[17],"tags":[],"class_list":["post-98709","post","type-post","status-publish","format-standard","has-post-thumbnail","hentry","category-outras-noticias"],"_links":{"self":[{"href":"https:\/\/tvc16.com\/portal\/wp-json\/wp\/v2\/posts\/98709","targetHints":{"allow":["GET"]}}],"collection":[{"href":"https:\/\/tvc16.com\/portal\/wp-json\/wp\/v2\/posts"}],"about":[{"href":"https:\/\/tvc16.com\/portal\/wp-json\/wp\/v2\/types\/post"}],"author":[{"embeddable":true,"href":"https:\/\/tvc16.com\/portal\/wp-json\/wp\/v2\/users\/2"}],"replies":[{"embeddable":true,"href":"https:\/\/tvc16.com\/portal\/wp-json\/wp\/v2\/comments?post=98709"}],"version-history":[{"count":1,"href":"https:\/\/tvc16.com\/portal\/wp-json\/wp\/v2\/posts\/98709\/revisions"}],"predecessor-version":[{"id":98711,"href":"https:\/\/tvc16.com\/portal\/wp-json\/wp\/v2\/posts\/98709\/revisions\/98711"}],"wp:featuredmedia":[{"embeddable":true,"href":"https:\/\/tvc16.com\/portal\/wp-json\/wp\/v2\/media\/98710"}],"wp:attachment":[{"href":"https:\/\/tvc16.com\/portal\/wp-json\/wp\/v2\/media?parent=98709"}],"wp:term":[{"taxonomy":"category","embeddable":true,"href":"https:\/\/tvc16.com\/portal\/wp-json\/wp\/v2\/categories?post=98709"},{"taxonomy":"post_tag","embeddable":true,"href":"https:\/\/tvc16.com\/portal\/wp-json\/wp\/v2\/tags?post=98709"}],"curies":[{"name":"wp","href":"https:\/\/api.w.org\/{rel}","templated":true}]}}