{"id":98724,"date":"2025-02-09T05:00:00","date_gmt":"2025-02-09T08:00:00","guid":{"rendered":"https:\/\/tvc16.com\/portal\/?p=98724"},"modified":"2025-02-06T13:26:52","modified_gmt":"2025-02-06T16:26:52","slug":"operacao-caca-fio-prefeitura-de-teresopolis-remove-excesso-de-cabos-nos-postes-para-combater-a-poluicao-visual","status":"publish","type":"post","link":"https:\/\/tvc16.com\/portal\/2025\/02\/09\/operacao-caca-fio-prefeitura-de-teresopolis-remove-excesso-de-cabos-nos-postes-para-combater-a-poluicao-visual\/","title":{"rendered":"Opera\u00e7\u00e3o Ca\u00e7a Fio: Prefeitura de Teres\u00f3polis remove excesso de cabos nos postes para combater a polui\u00e7\u00e3o visual"},"content":{"rendered":"\n<p>A Secretaria Municipal de Seguran\u00e7a, Ordem P\u00fablica e Mobilidade deu in\u00edcio nesta quinta-feira, 06\/02, \u00e0 Opera\u00e7\u00e3o Ca\u00e7a Fio. O objetivo \u00e9&nbsp;a retirada de cabos de telefonia, de energia el\u00e9trica e de internet instalados desordenadamente nos postes, causando polui\u00e7\u00e3o visual e oferecendo risco \u00e0 seguran\u00e7a e \u00e0 mobilidade de quem circula pelas vias p\u00fablicas.<\/p>\n\n\n\n<p>Acompanhada pelo Prefeito Leonardo Vasconcellos e o secret\u00e1rio municipal S\u00e9rgio Mauro Louzada, a opera\u00e7\u00e3o come\u00e7ou pela Cal\u00e7ada da Fama, no centro da cidade.<\/p>\n\n\n\n<p>\u201cVamos eliminar todos os fios inativos, obsoletos e irregulares. A a\u00e7\u00e3o come\u00e7a pela V\u00e1rzea, mas ser\u00e1 levada a todos os bairros. Vamos acabar com a desordem e organizar a cidade\u201d, garantiu o Prefeito.<\/p>\n\n\n\n<p>Segundo S\u00e9rgio Mauro, a meta \u00e9&nbsp;acabar com o emaranhado de fios e cabos existentes em v\u00e1rios locais. \u201cMuitos est\u00e3o soltos, inutilizados ou pendurados de forma irregular.&nbsp;Come\u00e7amos hoje a notificar as empresas,&nbsp;dando prazo de 90 dias para se regularizarem. Do contr\u00e1rio, ser\u00e3o multadas\u201d, informou.<\/p>\n\n\n\n<p><em><strong>Fotos: Jorge Maravilha, Lara Benevenuti, Divulga\u00e7\u00e3o<\/strong><\/em><\/p>\n","protected":false},"excerpt":{"rendered":"<p>A Secretaria Municipal de Seguran\u00e7a, Ordem P\u00fablica e Mobilidade deu in\u00edcio nesta quinta-feira, 06\/02, \u00e0<\/p>\n","protected":false},"author":2,"featured_media":98725,"comment_status":"open","ping_status":"open","sticky":false,"template":"","format":"standard","meta":{"footnotes":""},"categories":[17],"tags":[],"class_list":["post-98724","post","type-post","status-publish","format-standard","has-post-thumbnail","hentry","category-outras-noticias"],"_links":{"self":[{"href":"https:\/\/tvc16.com\/portal\/wp-json\/wp\/v2\/posts\/98724","targetHints":{"allow":["GET"]}}],"collection":[{"href":"https:\/\/tvc16.com\/portal\/wp-json\/wp\/v2\/posts"}],"about":[{"href":"https:\/\/tvc16.com\/portal\/wp-json\/wp\/v2\/types\/post"}],"author":[{"embeddable":true,"href":"https:\/\/tvc16.com\/portal\/wp-json\/wp\/v2\/users\/2"}],"replies":[{"embeddable":true,"href":"https:\/\/tvc16.com\/portal\/wp-json\/wp\/v2\/comments?post=98724"}],"version-history":[{"count":1,"href":"https:\/\/tvc16.com\/portal\/wp-json\/wp\/v2\/posts\/98724\/revisions"}],"predecessor-version":[{"id":98726,"href":"https:\/\/tvc16.com\/portal\/wp-json\/wp\/v2\/posts\/98724\/revisions\/98726"}],"wp:featuredmedia":[{"embeddable":true,"href":"https:\/\/tvc16.com\/portal\/wp-json\/wp\/v2\/media\/98725"}],"wp:attachment":[{"href":"https:\/\/tvc16.com\/portal\/wp-json\/wp\/v2\/media?parent=98724"}],"wp:term":[{"taxonomy":"category","embeddable":true,"href":"https:\/\/tvc16.com\/portal\/wp-json\/wp\/v2\/categories?post=98724"},{"taxonomy":"post_tag","embeddable":true,"href":"https:\/\/tvc16.com\/portal\/wp-json\/wp\/v2\/tags?post=98724"}],"curies":[{"name":"wp","href":"https:\/\/api.w.org\/{rel}","templated":true}]}}