{"id":98730,"date":"2025-02-09T05:00:00","date_gmt":"2025-02-09T08:00:00","guid":{"rendered":"https:\/\/tvc16.com\/portal\/?p=98730"},"modified":"2025-02-07T08:04:00","modified_gmt":"2025-02-07T11:04:00","slug":"projeto-de-lei-que-reconhece-o-jongo-como-patrimonio-cultural-imaterial-do-municipio-e-aprovado-em-petropolis","status":"publish","type":"post","link":"https:\/\/tvc16.com\/portal\/2025\/02\/09\/projeto-de-lei-que-reconhece-o-jongo-como-patrimonio-cultural-imaterial-do-municipio-e-aprovado-em-petropolis\/","title":{"rendered":"Projeto de Lei que reconhece o Jongo como Patrim\u00f4nio Cultural Imaterial do Munic\u00edpio \u00e9 aprovado em Petr\u00f3polis"},"content":{"rendered":"\n<p>Na \u00faltima quarta-feira (05), a C\u00e2mara Municipal de Petr\u00f3polis aprovou o Projeto de Lei que declara o Jongo como Patrim\u00f4nio Cultural de Natureza Imaterial do munic\u00edpio. A proposta aprovada reconhece a import\u00e2ncia hist\u00f3rica e social dessa manifesta\u00e7\u00e3o cultural afro-brasileira para a cidade.<\/p>\n\n\n\n<p>O jongo \u00e9 uma manifesta\u00e7\u00e3o cultural afro-brasileira, caracterizada por dan\u00e7a, m\u00fasica e canto, origin\u00e1ria das comunidades quilombolas do sudeste do Brasil, e foi considerado patrim\u00f4nio imaterial em outros munic\u00edpios do Rio de Janeiro e S\u00e3o Paulo. \u201cA aprova\u00e7\u00e3o do PL permitir\u00e1 ao Poder P\u00fablico e \u00e0s entidades culturais estabelecerem pol\u00edticas e a\u00e7\u00f5es concretas para o incentivo, a difus\u00e3o e fortalecimento do Jongo, envolvendo a comunidade e preservando essa manifesta\u00e7\u00e3o como parte integrante do patrim\u00f4nio cultural e hist\u00f3rico da nossa cidade\u201d, explica a vereadora J\u00falia Casamasso.<\/p>\n\n\n\n<p>O projeto aprovado reconhece o Jongo como Patrim\u00f4nio Cultural Imaterial do munic\u00edpio, destacando essa manifesta\u00e7\u00e3o cultural composta por dan\u00e7a, m\u00fasica, canto e poesia como essencial para a identidade e mem\u00f3ria da comunidade afrodescendente local. A proposta do projeto de lei foi apresentada pela presidente do Grupo Afro Serra, a produtora cultural Monica Valverde. A lei tamb\u00e9m prev\u00ea que o Poder P\u00fablico Municipal em parceria com entidades culturais, promova a\u00e7\u00f5es para preservar, divulgar e fortalecer o Jongo, garantindo sua continuidade e valoriza\u00e7\u00e3o.<\/p>\n\n\n\n<p>A vereadora J\u00falia Casamasso ressaltou a relev\u00e2ncia do projeto: \u201cReconhecer o Jongo \u00e9 fundamental para valorizar essa riqueza cultural, garantindo sua preserva\u00e7\u00e3o e fomentando sua divulga\u00e7\u00e3o e continuidade. Ao promover a prote\u00e7\u00e3o e a promo\u00e7\u00e3o do Jongo, estamos contribuindo para a valoriza\u00e7\u00e3o e fortalecimento de outras mem\u00f3rias e hist\u00f3rias que constru\u00edram a nossa cidade.\u201d<\/p>\n\n\n\n<p>Foto: arquivo TVC<\/p>\n","protected":false},"excerpt":{"rendered":"<p>Na \u00faltima quarta-feira (05), a C\u00e2mara Municipal de Petr\u00f3polis aprovou o Projeto de Lei que<\/p>\n","protected":false},"author":2,"featured_media":77330,"comment_status":"open","ping_status":"open","sticky":false,"template":"","format":"standard","meta":{"footnotes":""},"categories":[12],"tags":[],"class_list":["post-98730","post","type-post","status-publish","format-standard","has-post-thumbnail","hentry","category-cidade"],"_links":{"self":[{"href":"https:\/\/tvc16.com\/portal\/wp-json\/wp\/v2\/posts\/98730","targetHints":{"allow":["GET"]}}],"collection":[{"href":"https:\/\/tvc16.com\/portal\/wp-json\/wp\/v2\/posts"}],"about":[{"href":"https:\/\/tvc16.com\/portal\/wp-json\/wp\/v2\/types\/post"}],"author":[{"embeddable":true,"href":"https:\/\/tvc16.com\/portal\/wp-json\/wp\/v2\/users\/2"}],"replies":[{"embeddable":true,"href":"https:\/\/tvc16.com\/portal\/wp-json\/wp\/v2\/comments?post=98730"}],"version-history":[{"count":1,"href":"https:\/\/tvc16.com\/portal\/wp-json\/wp\/v2\/posts\/98730\/revisions"}],"predecessor-version":[{"id":98731,"href":"https:\/\/tvc16.com\/portal\/wp-json\/wp\/v2\/posts\/98730\/revisions\/98731"}],"wp:featuredmedia":[{"embeddable":true,"href":"https:\/\/tvc16.com\/portal\/wp-json\/wp\/v2\/media\/77330"}],"wp:attachment":[{"href":"https:\/\/tvc16.com\/portal\/wp-json\/wp\/v2\/media?parent=98730"}],"wp:term":[{"taxonomy":"category","embeddable":true,"href":"https:\/\/tvc16.com\/portal\/wp-json\/wp\/v2\/categories?post=98730"},{"taxonomy":"post_tag","embeddable":true,"href":"https:\/\/tvc16.com\/portal\/wp-json\/wp\/v2\/tags?post=98730"}],"curies":[{"name":"wp","href":"https:\/\/api.w.org\/{rel}","templated":true}]}}