{"id":98736,"date":"2025-02-06T15:50:40","date_gmt":"2025-02-06T18:50:40","guid":{"rendered":"https:\/\/tvc16.com\/portal\/?p=98736"},"modified":"2025-02-06T15:50:42","modified_gmt":"2025-02-06T18:50:42","slug":"homem-e-preso-por-violencia-domestica-em-petropolis-2","status":"publish","type":"post","link":"https:\/\/tvc16.com\/portal\/2025\/02\/06\/homem-e-preso-por-violencia-domestica-em-petropolis-2\/","title":{"rendered":"Homem \u00e9 preso por viol\u00eancia dom\u00e9stica em Petr\u00f3polis"},"content":{"rendered":"\n<p>Um homem, de 30 anos, foi preso por viol\u00eancia dom\u00e9stica nesta quinta-feira (05), em Petr\u00f3polis. Segundo a v\u00edtima, de 22 anos, que ex-companheira do criminoso, ele invadiu a casa dela na Rua Luis Winter, no Duarte da Silveira, na presen\u00e7a dos filhos menores do casal, agrediu fisicamente o atual companheiro dela, o amea\u00e7ou de morte, a ofendeu com m\u00faltiplos palavr\u00f5es, tamb\u00e9m amea\u00e7ou ela de morte e fez com que um cachorro feroz a mordesse, lesionando-a fisicamente. Durante as amea\u00e7as de morte o acusado ainda utilizou um peda\u00e7o de madeira com muitos pregos, e depois fugiu do local do crime. <\/p>\n\n\n\n<p>O caso foi denunciado \u00e0 Pol\u00edcia Civil, que diante das informa\u00e7\u00f5es determinou que os agentes coletassem e analisassem dados de intelig\u00eancia. Foram realizadas ainda buscas emergenciais, que resultaram na pris\u00e3o do acusado ainda em estado flagrancial. Ele foi encontrado no distrito de Itaipava, enquanto tentava se esconder em uma obra de constru\u00e7\u00e3o civil em andamento. <\/p>\n\n\n\n<p>Segundo as conclus\u00f5es das investiga\u00e7\u00f5es, o criminoso demonstrou ser possessivo e estar inconformado com o atual relacionamento da ex-esposa, o que caracteriza, segundo a pol\u00edcia, motiva\u00e7\u00e3o f\u00fatil e injustific\u00e1vel sob qualquer aspecto.<\/p>\n\n\n\n<p>A 105\u00aa Delegacia de Pol\u00edcia, no Retiro, destacou ainda que as mulheres sempre ter\u00e3o a delegacia como um bra\u00e7o forte e aliado nessas dif\u00edceis ocasi\u00f5es, e ter\u00e3o todo o tratamento necess\u00e1rio pelo Servi\u00e7o de Atendimento \u00e0 Mulher, ou das equipes de plant\u00e3o.<\/p>\n\n\n\n<p>Foto: arquivo <\/p>\n","protected":false},"excerpt":{"rendered":"<p>Um homem, de 30 anos, foi preso por viol\u00eancia dom\u00e9stica nesta quinta-feira (05), em Petr\u00f3polis.<\/p>\n","protected":false},"author":2,"featured_media":24580,"comment_status":"open","ping_status":"open","sticky":false,"template":"","format":"standard","meta":{"footnotes":""},"categories":[12],"tags":[],"class_list":["post-98736","post","type-post","status-publish","format-standard","has-post-thumbnail","hentry","category-cidade"],"_links":{"self":[{"href":"https:\/\/tvc16.com\/portal\/wp-json\/wp\/v2\/posts\/98736","targetHints":{"allow":["GET"]}}],"collection":[{"href":"https:\/\/tvc16.com\/portal\/wp-json\/wp\/v2\/posts"}],"about":[{"href":"https:\/\/tvc16.com\/portal\/wp-json\/wp\/v2\/types\/post"}],"author":[{"embeddable":true,"href":"https:\/\/tvc16.com\/portal\/wp-json\/wp\/v2\/users\/2"}],"replies":[{"embeddable":true,"href":"https:\/\/tvc16.com\/portal\/wp-json\/wp\/v2\/comments?post=98736"}],"version-history":[{"count":1,"href":"https:\/\/tvc16.com\/portal\/wp-json\/wp\/v2\/posts\/98736\/revisions"}],"predecessor-version":[{"id":98737,"href":"https:\/\/tvc16.com\/portal\/wp-json\/wp\/v2\/posts\/98736\/revisions\/98737"}],"wp:featuredmedia":[{"embeddable":true,"href":"https:\/\/tvc16.com\/portal\/wp-json\/wp\/v2\/media\/24580"}],"wp:attachment":[{"href":"https:\/\/tvc16.com\/portal\/wp-json\/wp\/v2\/media?parent=98736"}],"wp:term":[{"taxonomy":"category","embeddable":true,"href":"https:\/\/tvc16.com\/portal\/wp-json\/wp\/v2\/categories?post=98736"},{"taxonomy":"post_tag","embeddable":true,"href":"https:\/\/tvc16.com\/portal\/wp-json\/wp\/v2\/tags?post=98736"}],"curies":[{"name":"wp","href":"https:\/\/api.w.org\/{rel}","templated":true}]}}