{"id":98738,"date":"2025-02-07T05:00:00","date_gmt":"2025-02-07T08:00:00","guid":{"rendered":"https:\/\/tvc16.com\/portal\/?p=98738"},"modified":"2025-02-06T15:57:44","modified_gmt":"2025-02-06T18:57:44","slug":"petropolis-participa-da-primeira-reuniao-do-ano-da-serra-verde-imperial","status":"publish","type":"post","link":"https:\/\/tvc16.com\/portal\/2025\/02\/07\/petropolis-participa-da-primeira-reuniao-do-ano-da-serra-verde-imperial\/","title":{"rendered":"Petr\u00f3polis participa da primeira reuni\u00e3o do ano da Serra Verde Imperial"},"content":{"rendered":"\n<p>A Serra Verde Imperial &#8211; Inst\u00e2ncia de Governan\u00e7a Regional (IGR) formada por cinco munic\u00edpios: Petr\u00f3polis, Teres\u00f3polis, Nova Friburgo, Guapimirim e Cachoeiras de Macacu &#8211; realizou esta semana sua primeira reuni\u00e3o do ano. Com o objetivo de promover a\u00e7\u00f5es conjuntas para alavancar o turismo da regi\u00e3o, o encontro aconteceu em Friburgo e reuniu os secret\u00e1rios municipais das cidades participantes.<\/p>\n\n\n\n<p>\u201cEssa integra\u00e7\u00e3o com os munic\u00edpios vizinhos \u00e9 importante para o desenvolvimento da regi\u00e3o, que tem um grande potencial tur\u00edstico. S\u00e3o cidades, assim como Petr\u00f3polis procuradas pelas suas belezas naturais e hist\u00f3ricas, o que torna nossa regi\u00e3o um dos destinos mais procurados pelos turistas\u201d, comentou o prefeito Hingo Hammes.<\/p>\n\n\n\n<p>Entre as delibera\u00e7\u00f5es do IGR Serra Verde Imperial, est\u00e1 a participa\u00e7\u00e3o conjunta em algumas feiras do setor tur\u00edstico, onde os cinco munic\u00edpios utilizar\u00e3o um \u00fanico estande para promover seus atrativos tur\u00edsticos. Entre as feiras programadas para este ano, destaca-se a Abav Expo, que ocorrer\u00e1 em setembro na cidade do Rio de Janeiro.<\/p>\n\n\n\n<p>&#8220;A participa\u00e7\u00e3o conjunta na Abav Expo e outros eventos estrat\u00e9gicos permite que os cinco munic\u00edpios da Serra Verde Imperial, juntos, reduzam custos, ampliem sua visibilidade e atraiam um fluxo maior de investimentos e turistas, fortalecendo a economia da regi\u00e3o&#8221;, destaca Pablo Kling, secret\u00e1rio de Turismo de Petr\u00f3polis.<\/p>\n\n\n\n<p>A Inst\u00e2ncia de Governan\u00e7a Regional \u00e9 uma organiza\u00e7\u00e3o que envolve tanto o poder p\u00fablico quanto os atores privados dos munic\u00edpios das regi\u00f5es tur\u00edsticas, tendo como objetivo coordenar o programa em \u00e2mbito regional.<\/p>\n\n\n\n<p>Foto: John Martins<\/p>\n","protected":false},"excerpt":{"rendered":"<p>A Serra Verde Imperial &#8211; Inst\u00e2ncia de Governan\u00e7a Regional (IGR) formada por cinco munic\u00edpios: Petr\u00f3polis,<\/p>\n","protected":false},"author":2,"featured_media":98739,"comment_status":"open","ping_status":"open","sticky":false,"template":"","format":"standard","meta":{"footnotes":""},"categories":[12,1],"tags":[],"class_list":["post-98738","post","type-post","status-publish","format-standard","has-post-thumbnail","hentry","category-cidade","category-uncategorized"],"_links":{"self":[{"href":"https:\/\/tvc16.com\/portal\/wp-json\/wp\/v2\/posts\/98738","targetHints":{"allow":["GET"]}}],"collection":[{"href":"https:\/\/tvc16.com\/portal\/wp-json\/wp\/v2\/posts"}],"about":[{"href":"https:\/\/tvc16.com\/portal\/wp-json\/wp\/v2\/types\/post"}],"author":[{"embeddable":true,"href":"https:\/\/tvc16.com\/portal\/wp-json\/wp\/v2\/users\/2"}],"replies":[{"embeddable":true,"href":"https:\/\/tvc16.com\/portal\/wp-json\/wp\/v2\/comments?post=98738"}],"version-history":[{"count":2,"href":"https:\/\/tvc16.com\/portal\/wp-json\/wp\/v2\/posts\/98738\/revisions"}],"predecessor-version":[{"id":98741,"href":"https:\/\/tvc16.com\/portal\/wp-json\/wp\/v2\/posts\/98738\/revisions\/98741"}],"wp:featuredmedia":[{"embeddable":true,"href":"https:\/\/tvc16.com\/portal\/wp-json\/wp\/v2\/media\/98739"}],"wp:attachment":[{"href":"https:\/\/tvc16.com\/portal\/wp-json\/wp\/v2\/media?parent=98738"}],"wp:term":[{"taxonomy":"category","embeddable":true,"href":"https:\/\/tvc16.com\/portal\/wp-json\/wp\/v2\/categories?post=98738"},{"taxonomy":"post_tag","embeddable":true,"href":"https:\/\/tvc16.com\/portal\/wp-json\/wp\/v2\/tags?post=98738"}],"curies":[{"name":"wp","href":"https:\/\/api.w.org\/{rel}","templated":true}]}}