{"id":98744,"date":"2025-02-08T05:00:00","date_gmt":"2025-02-08T08:00:00","guid":{"rendered":"https:\/\/tvc16.com\/portal\/?p=98744"},"modified":"2025-02-06T17:12:51","modified_gmt":"2025-02-06T20:12:51","slug":"som-e-luz-tunel-do-tempo-visual-fortalecera-o-turismo-em-petropolis","status":"publish","type":"post","link":"https:\/\/tvc16.com\/portal\/2025\/02\/08\/som-e-luz-tunel-do-tempo-visual-fortalecera-o-turismo-em-petropolis\/","title":{"rendered":"\u201cSom e luz: t\u00fanel do tempo visual fortalecer\u00e1 o turismo em Petr\u00f3polis\u201d"},"content":{"rendered":"\n<p><em>Espet\u00e1culo que acontece no Museu Imperial narra a hist\u00f3ria de Dom Pedro II<\/em><\/p>\n\n\n\n<p>Hist\u00f3ria, palavra que t\u00eam origem no grego \u201ch\u00edstor\u201d, embarca dois significados em sua etimologia que tem conex\u00e3o com a forma\u00e7\u00e3o da sociedade atual, sendo eles conhecimento e sabedoria. Atrav\u00e9s da oralidade e escrita, e outras formas de preserva\u00e7\u00e3o da mem\u00f3ria, todos esses saberes tradicionais reverberam nos costumes, na cultura, pol\u00edtica e sociedade, que foram moldados a partir dos est\u00edmulos criados h\u00e1 tempos atr\u00e1s. O que se sabe hoje da \u00e9poca, \u00e9 retratado atrav\u00e9s de livros, filmes, pe\u00e7as teatrais, e registros. Mesmo com esses fragmentos, sempre fica no ar, um sentimento de reviver certos per\u00edodos da hist\u00f3ria, quando se trata de uma cidade hist\u00f3rica como Petr\u00f3polis, que possui uma forte liga\u00e7\u00e3o com a Corte Imperial, esse sentimento se aflora, pois em cada esquina da regi\u00e3o \u00e9 poss\u00edvel se deparar com um peda\u00e7o do passado. Nesse sentido, o espet\u00e1culo cinematogr\u00e1fico \u201cSom e Luz\u201d do Museu Imperial, que ser\u00e1 retomado neste ano, funciona como um \u2018t\u00fanel do tempo\u2019, onde todos os espectadores poder\u00e3o reviver diversos momentos marcantes do Segundo Reinado, em solo petropolitano.<\/p>\n\n\n\n<p>O espet\u00e1culo utiliza efeitos especiais de ilumina\u00e7\u00e3o e som para narrar a hist\u00f3ria de Dom Pedro II. A viagem no tempo, segundo a organiza\u00e7\u00e3o, tem in\u00edcio com o baile das princesas Isabel e Leopoldina. Na ocasi\u00e3o, as duas s\u00e3o apresentadas aos pretendentes que se tornaram os futuros maridos. Sendo eles, o Conde D\u2019Eu e o Duque de Saxe. O enredo tra\u00e7a dias bem corriqueiros da nobreza e burguesia, al\u00e9m do sistema escravista da \u00e9poca dando \u00eanfase no dia da assinatura da Lei \u00c1urea, conhecida como lei da liberta\u00e7\u00e3o dos escravos, e passa tamb\u00e9m pela Rep\u00fablica.<\/p>\n\n\n\n<p><strong>Retomada<\/strong><\/p>\n\n\n\n<p>O Luz e Sombra nasceu em 2002 com a parceria das institui\u00e7\u00f5es Eletrobr\u00e1s\/Procel (Programa Nacional de Conserva\u00e7\u00e3o de Energia El\u00e9trica), Museu Imperial e Funda\u00e7\u00e3o Roberto Marinho. Anualmente, cerca de 100 sess\u00f5es eram realizadas, reunindo 250 espectadores por apresenta\u00e7\u00e3o. Desde o lan\u00e7amento, mais de 400 mil pessoas j\u00e1 acompanharam a performance.<\/p>\n\n\n\n<p>O retorno das apresenta\u00e7\u00f5es, previstas para esse ano, ser\u00e1 viabilizado por meio da Lei de Incentivo \u00e0 Cultura e do investimento de R$ 1,7 milh\u00e3o da Enel. O governador Cl\u00e1udio Castro, tamb\u00e9m anunciou a moderniza\u00e7\u00e3o dos equipamentos utilizados na atra\u00e7\u00e3o. A previs\u00e3o \u00e9 que o espet\u00e1culo seja mantido pelos pr\u00f3ximos 10 anos. &#8220;A hist\u00f3ria do pa\u00eds precisa ser valorizada e essa iniciativa tem papel fundamental no turismo. O resgate da mem\u00f3ria nacional fortalece pol\u00edticas culturais e destaca a identidade do Estado. Petr\u00f3polis tem um papel central nesse contexto e seu potencial hist\u00f3rico precisa ser ainda mais promovido&#8221;, afirmou o governador.<\/p>\n\n\n\n<p><strong>Atra\u00e7\u00e3o tur\u00edstica<\/strong><\/p>\n\n\n\n<p>Suspenso desde 2020, o evento voltar\u00e1 a integrar o circuito cultural e hist\u00f3rico do munic\u00edpio, e com isso fortalecer\u00e1 o setor de turismo de Petr\u00f3polis. Segundo o Secret\u00e1rio de Turismo Pablo Kling, a expectativa \u00e9 que a programa\u00e7\u00e3o atraia uma quantidade maior de turistas. \u201cEsperamos um aumento de cerca de quinze por cento em n\u00fameros de hospedagem. Por exemplo, em 2024, o munic\u00edpio recebeu cerca de dois milh\u00f5es de visitantes, desses 650 mil turistas. A diferen\u00e7a entre esses dois grupos \u00e9 que o turista \u00e9 aquele que pernoita pelo menos uma vez na cidade. E nesse formato, ele contribui muito mais para o desenvolvimento econ\u00f4mico atrav\u00e9s da gera\u00e7\u00e3o de empregos, pois ele gasta com hotelaria, com restaurante, no com\u00e9rcio, ou seja, ele movimenta mais a economia do que o visitante. O visitante \u00e9 aquele que chega pela manh\u00e3 e vai embora no final da tarde ou no in\u00edcio da noite. O projeto \u201cLuz e Sombra\u201d, por acontecer principalmente no in\u00edcio da noite, a expectativa \u00e9 de que mais pessoas pernoitam na cidade para curtir\u201d, disse.<\/p>\n\n\n\n<p><strong>Petr\u00f3polis na rota<\/strong><\/p>\n\n\n\n<p>Conforme ressaltou Pablo Kling existe uma estrat\u00e9gia para captar recursos e pessoas. \u201cA estrat\u00e9gia \u00e9 aproximar ainda mais a Secretaria de Estado de Turismo, das a\u00e7\u00f5es que o secret\u00e1rio Gustavo Tutuca planeja para esse ano. Por exemplo, todas as feiras que a secretaria de estado contrata para participar, vamos participar. Eles t\u00eam em uma rodada de neg\u00f3cios, os principais destino nos principais locais emissores de turistas para o estado do Rio, chamado \u201cExperi\u00eancia Rio\u201d, vamos participar apresentando o que Petr\u00f3polis tem de melhor para diretamente com as ag\u00eancias de viagem e operadoras de turismo para que eles possam comercializar a cidade\u201d, enfatizou.<\/p>\n\n\n\n<p><strong>Expans\u00e3o<\/strong><\/p>\n\n\n\n<p>\u201cQuando ativo, o projeto recebeu 400 mil visitantes. Esperamos que essa mesma marca seja alcan\u00e7ada, com menos tempo de dura\u00e7\u00e3o, sendo que, com esses novos equipamentos proporcionados pela lei incentivo da cultura do Governo do Estado, a pretens\u00e3o \u00e9 que o tempo de vida do espet\u00e1culo seja muito maior do que anteriormente. Quando foi lan\u00e7ado, n\u00f3s n\u00e3o t\u00ednhamos as tecnologias de hoje, exemplo, ilumina\u00e7\u00e3o de led, som ultra, 5D, 6D, enfim, a tecnologia est\u00e1 muito mais avan\u00e7ada, o que possibilita que esses equipamentos tenham uma dura\u00e7\u00e3o\u201d, ressaltou o Secret\u00e1rio de Turismo Pablo Kling.<\/p>\n\n\n\n<p>Outra ideia da pasta em conjunto com outras inst\u00e2ncias como a de Cultura, \u00e9 que para os pr\u00f3ximos anos, haja uma atualiza\u00e7\u00e3o no filme, para que o turista tenha que ficar mais vezes na cidade. \u201cHoje, dizer que o visitante conhece Petr\u00f3polis, n\u00e3o \u00e9 verdade. Porque mesmo se ficar uma semana na cidade, n\u00e3o \u00e9 poss\u00edvel vivenciar e desfrutar de tudo. Ent\u00e3o a nossa inten\u00e7\u00e3o \u00e9 que o turista fique, quatro, cinco, sete, 15 dias na cidade e assim movimente ainda mais a economia\u201d, refor\u00e7ou Pablo.<\/p>\n\n\n\n<p>Por Por Leandra Lima\/Foto: Thiago Alvarez<\/p>\n","protected":false},"excerpt":{"rendered":"<p>Espet\u00e1culo que acontece no Museu Imperial narra a hist\u00f3ria de Dom Pedro II Hist\u00f3ria, palavra<\/p>\n","protected":false},"author":2,"featured_media":98746,"comment_status":"open","ping_status":"open","sticky":false,"template":"","format":"standard","meta":{"footnotes":""},"categories":[12],"tags":[],"class_list":["post-98744","post","type-post","status-publish","format-standard","has-post-thumbnail","hentry","category-cidade"],"_links":{"self":[{"href":"https:\/\/tvc16.com\/portal\/wp-json\/wp\/v2\/posts\/98744","targetHints":{"allow":["GET"]}}],"collection":[{"href":"https:\/\/tvc16.com\/portal\/wp-json\/wp\/v2\/posts"}],"about":[{"href":"https:\/\/tvc16.com\/portal\/wp-json\/wp\/v2\/types\/post"}],"author":[{"embeddable":true,"href":"https:\/\/tvc16.com\/portal\/wp-json\/wp\/v2\/users\/2"}],"replies":[{"embeddable":true,"href":"https:\/\/tvc16.com\/portal\/wp-json\/wp\/v2\/comments?post=98744"}],"version-history":[{"count":1,"href":"https:\/\/tvc16.com\/portal\/wp-json\/wp\/v2\/posts\/98744\/revisions"}],"predecessor-version":[{"id":98747,"href":"https:\/\/tvc16.com\/portal\/wp-json\/wp\/v2\/posts\/98744\/revisions\/98747"}],"wp:featuredmedia":[{"embeddable":true,"href":"https:\/\/tvc16.com\/portal\/wp-json\/wp\/v2\/media\/98746"}],"wp:attachment":[{"href":"https:\/\/tvc16.com\/portal\/wp-json\/wp\/v2\/media?parent=98744"}],"wp:term":[{"taxonomy":"category","embeddable":true,"href":"https:\/\/tvc16.com\/portal\/wp-json\/wp\/v2\/categories?post=98744"},{"taxonomy":"post_tag","embeddable":true,"href":"https:\/\/tvc16.com\/portal\/wp-json\/wp\/v2\/tags?post=98744"}],"curies":[{"name":"wp","href":"https:\/\/api.w.org\/{rel}","templated":true}]}}