{"id":98762,"date":"2025-02-11T07:05:00","date_gmt":"2025-02-11T10:05:00","guid":{"rendered":"https:\/\/tvc16.com\/portal\/?p=98762"},"modified":"2025-02-10T17:29:46","modified_gmt":"2025-02-10T20:29:46","slug":"ultimos-dias-para-aproveitar-um-dos-maiores-complexo-de-camas-elasticas-do-brasil-em-itaipava","status":"publish","type":"post","link":"https:\/\/tvc16.com\/portal\/2025\/02\/11\/ultimos-dias-para-aproveitar-um-dos-maiores-complexo-de-camas-elasticas-do-brasil-em-itaipava\/","title":{"rendered":"\u00daltimos dias para aproveitar um dos maiores complexo de camas-el\u00e1sticas do Brasil, em Itaipava"},"content":{"rendered":"\n<p><em>Pokoolooko segue no Shopping Vilarejo at\u00e9 o dia 13<\/em><\/p>\n\n\n\n<p>Um dos maiores complexos de camas-el\u00e1sticas est\u00e1 em Itaipava. O Pokoolooko est\u00e1 instalado no Shopping Vilarejo e segue garantindo momentos de pura divers\u00e3o at\u00e9 o dia 13 de fevereiro. E mesmo com as f\u00e9rias acabando, crian\u00e7as e adultos ainda podem aproveitar, independente de idade e peso \u2013 a brincadeira \u00e9 para todo mundo.<\/p>\n\n\n\n<p>Se a ideia \u00e9 gastar energia e se divertir, as camas-el\u00e1sticas s\u00e3o o destino perfeito. Instalado na Pra\u00e7a do Sol, bem no cora\u00e7\u00e3o do Vilarejo, o espa\u00e7o se transformou em um verdadeiro parque de divers\u00e3o, sem restri\u00e7\u00f5es. Afinal, quem resiste a um bom pula-pula? A proposta \u00e9 simples: proporcionar uma experi\u00eancia segura e cheia de alegria para toda a fam\u00edlia.<\/p>\n\n\n\n<p>\u201cA gente sempre pensa em inovar, oferecer uma experi\u00eancia in\u00e9dita e que sempre seja com a ideia de ter a fam\u00edlia toda aproveitando. Com essa atra\u00e7\u00e3o, a divers\u00e3o est\u00e1 garantida para todas as idades, em um ambiente seguro e pensado para o lazer\u201d, destaca Tiago Corr\u00eaa, administrador do Shopping VIlarejo.<\/p>\n\n\n\n<p><strong>Exposi\u00e7\u00e3o fotogr\u00e1fica destaca a natureza<\/strong><\/p>\n\n\n\n<p>E ainda na programa\u00e7\u00e3o do Shopping Vilarejo, a mostra&nbsp;<strong>&#8220;A Montanha e os Esportes Praticados na Natureza&#8221;<\/strong>&nbsp;estar\u00e1 em cartaz do dia 5 ao dia 28 de fevereiro, reunindo imagens que capturam a conex\u00e3o entre o ser humano e a paisagem montanhosa. Promovida pelo CEFET Petr\u00f3polis e a SOPEF Fotoclube, a exposi\u00e7\u00e3o destaca fotografias premiadas no XIII Congresso Brasileiro de Atividades de Aventura, al\u00e9m de trabalhos de fot\u00f3grafos locais convidados, como Andr\u00e9 Carvalho, Evaldo Macedo, F\u00e1bio Fliess e Stefan Reinold.<\/p>\n\n\n\n<p><img decoding=\"async\" alt=\"\ud83d\udd52\" src=\"https:\/\/fonts.gstatic.com\/s\/e\/notoemoji\/16.0\/1f552\/32.png\">&nbsp;<strong>Funcionamento do shopping:<\/strong><\/p>\n\n\n\n<ul class=\"wp-block-list\">\n<li>Ter\u00e7a-feira: 14h \u00e0s 19h<\/li>\n\n\n\n<li>Quarta a sexta-feira: 10h \u00e0s 19h<\/li>\n\n\n\n<li>S\u00e1bado: 10h \u00e0s 20h<\/li>\n\n\n\n<li>Domingo: 10h \u00e0s 18h<\/li>\n<\/ul>\n\n\n\n<p><img decoding=\"async\" alt=\"\ud83d\udccd\" src=\"https:\/\/fonts.gstatic.com\/s\/e\/notoemoji\/16.0\/1f4cd\/32.png\">&nbsp;<strong>Endere\u00e7o:<\/strong>&nbsp;Shopping Vilarejo \u2013 Estrada Uni\u00e3o e Ind\u00fastria, 10.035, Itaipava<\/p>\n\n\n\n<p><img decoding=\"async\" alt=\"\ud83d\udcf2\" src=\"https:\/\/fonts.gstatic.com\/s\/e\/notoemoji\/16.0\/1f4f2\/32.png\">&nbsp;<strong>Mais informa\u00e7\u00f5es:<\/strong>&nbsp;@shoppingvilarejo no Instagram<\/p>\n","protected":false},"excerpt":{"rendered":"<p>Pokoolooko segue no Shopping Vilarejo at\u00e9 o dia 13 Um dos maiores complexos de camas-el\u00e1sticas<\/p>\n","protected":false},"author":2,"featured_media":98763,"comment_status":"open","ping_status":"open","sticky":false,"template":"","format":"standard","meta":{"footnotes":""},"categories":[12],"tags":[],"class_list":["post-98762","post","type-post","status-publish","format-standard","has-post-thumbnail","hentry","category-cidade"],"_links":{"self":[{"href":"https:\/\/tvc16.com\/portal\/wp-json\/wp\/v2\/posts\/98762","targetHints":{"allow":["GET"]}}],"collection":[{"href":"https:\/\/tvc16.com\/portal\/wp-json\/wp\/v2\/posts"}],"about":[{"href":"https:\/\/tvc16.com\/portal\/wp-json\/wp\/v2\/types\/post"}],"author":[{"embeddable":true,"href":"https:\/\/tvc16.com\/portal\/wp-json\/wp\/v2\/users\/2"}],"replies":[{"embeddable":true,"href":"https:\/\/tvc16.com\/portal\/wp-json\/wp\/v2\/comments?post=98762"}],"version-history":[{"count":1,"href":"https:\/\/tvc16.com\/portal\/wp-json\/wp\/v2\/posts\/98762\/revisions"}],"predecessor-version":[{"id":98764,"href":"https:\/\/tvc16.com\/portal\/wp-json\/wp\/v2\/posts\/98762\/revisions\/98764"}],"wp:featuredmedia":[{"embeddable":true,"href":"https:\/\/tvc16.com\/portal\/wp-json\/wp\/v2\/media\/98763"}],"wp:attachment":[{"href":"https:\/\/tvc16.com\/portal\/wp-json\/wp\/v2\/media?parent=98762"}],"wp:term":[{"taxonomy":"category","embeddable":true,"href":"https:\/\/tvc16.com\/portal\/wp-json\/wp\/v2\/categories?post=98762"},{"taxonomy":"post_tag","embeddable":true,"href":"https:\/\/tvc16.com\/portal\/wp-json\/wp\/v2\/tags?post=98762"}],"curies":[{"name":"wp","href":"https:\/\/api.w.org\/{rel}","templated":true}]}}