{"id":98766,"date":"2025-02-07T08:08:58","date_gmt":"2025-02-07T11:08:58","guid":{"rendered":"https:\/\/tvc16.com\/portal\/?p=98766"},"modified":"2025-02-07T08:09:00","modified_gmt":"2025-02-07T11:09:00","slug":"prefeitura-de-petropolis-volta-a-intensificar-acoes-de-combate-a-dengue","status":"publish","type":"post","link":"https:\/\/tvc16.com\/portal\/2025\/02\/07\/prefeitura-de-petropolis-volta-a-intensificar-acoes-de-combate-a-dengue\/","title":{"rendered":"Prefeitura de Petr\u00f3polis volta a intensificar a\u00e7\u00f5es de combate \u00e0 dengue"},"content":{"rendered":"\n<p><em>A conscientiza\u00e7\u00e3o aconteceu na Rodovi\u00e1ria do Bingen, no Terminal do Itamarati e no Cal\u00e7ad\u00e3o do Cenip<\/em><\/p>\n\n\n\n<p>Agentes de Combate \u00e0s Endemias (ACE) e da Defesa Civil estiveram nesta quinta-feira (6) em pelo menos tr\u00eas pontos da cidade de Petr\u00f3polis para orientar a popula\u00e7\u00e3o sobre a import\u00e2ncia de combater os criadouros do mosquito da dengue.<\/p>\n\n\n\n<p>Eles distribu\u00edram panfletos com orienta\u00e7\u00f5es para a popula\u00e7\u00e3o na rodovi\u00e1ria do Bingen, no Terminal de Integra\u00e7\u00e3o do Itamarati e no cal\u00e7ad\u00e3o do Cenip, no Centro da cidade. Os agentes seguem ainda com visitas domiciliares para identificar poss\u00edveis focos. No m\u00eas de janeiro foram visitados 56.188 domic\u00edlios em todo o munic\u00edpio.<\/p>\n\n\n\n<p>O prefeito Hingo Hammes comemorou o avan\u00e7o das a\u00e7\u00f5es de combate aos focos do mosquito. \u201cEsses mais de cinquenta e seis mil domic\u00edlios visitados \u00e9 resultado do nosso empenho nas a\u00e7\u00f5es de preven\u00e7\u00e3o. Essa uni\u00e3o da Secretaria de Sa\u00fade e da Defesa Civil ajuda a evitar que a popula\u00e7\u00e3o sofra com doen\u00e7as como dengue, zika e chikungunya.\u201d<\/p>\n\n\n\n<p>O \u00faltimo Levantamento de \u00cdndice R\u00e1pido para Aedes aegypti (LIRAa) de 2025, realizado no in\u00edcio de janeiro, apontou um \u00cdndice de Infesta\u00e7\u00e3o Predial (IIP) de 0,52%, considerado satisfat\u00f3rio, j\u00e1 que o Minist\u00e9rio da Sa\u00fade preconiza \u00edndice inferior a 1% como baixo risco de infesta\u00e7\u00e3o do mosquito.<\/p>\n\n\n\n<p>Durante o levantamento, os agentes identificaram 41 im\u00f3veis com focos positivos e 58 dep\u00f3sitos com larvas do Aedes aegypti. Os dep\u00f3sitos predominantes foram vasos, pratos, frascos com plantas e bebedouros para animais, foram os mais comuns, representando 25 focos.<\/p>\n\n\n\n<p>O secret\u00e1rio de Sa\u00fade, Luis Cruzick, destaca a import\u00e2ncia da popula\u00e7\u00e3o no combate ao mosquito.\u201cPrecisamos muito do apoio e da uni\u00e3o de todos para eliminar criadouros, principalmente nesse per\u00edodo mais quente do ano. Mesmo com o \u00edndice baixo, n\u00e3o podemos facilitar, medidas simples, como eliminar \u00e1gua parada em recipientes e descartar corretamente objetos que possam acumular \u00e1gua, fazem toda diferen\u00e7a\u201d<\/p>\n\n\n\n<p>Al\u00e9m das a\u00e7\u00f5es de sensibiliza\u00e7\u00e3o nos terminais e no Centro da Cidade, tamb\u00e9m foram enviados alertas \u00e0 popula\u00e7\u00e3o via SMS sobre a prolifera\u00e7\u00e3o do mosquito da dengue e a import\u00e2ncia de eliminar os criadouros. As sirenes instaladas nas comunidades tamb\u00e9m emitiram alertas sobre a preven\u00e7\u00e3o da doen\u00e7a. A a\u00e7\u00e3o de conscientiza\u00e7\u00e3o na cidade continua nesta sexta-feira (7).<\/p>\n","protected":false},"excerpt":{"rendered":"<p>A conscientiza\u00e7\u00e3o aconteceu na Rodovi\u00e1ria do Bingen, no Terminal do Itamarati e no Cal\u00e7ad\u00e3o do<\/p>\n","protected":false},"author":2,"featured_media":98767,"comment_status":"open","ping_status":"open","sticky":false,"template":"","format":"standard","meta":{"footnotes":""},"categories":[12],"tags":[],"class_list":["post-98766","post","type-post","status-publish","format-standard","has-post-thumbnail","hentry","category-cidade"],"_links":{"self":[{"href":"https:\/\/tvc16.com\/portal\/wp-json\/wp\/v2\/posts\/98766","targetHints":{"allow":["GET"]}}],"collection":[{"href":"https:\/\/tvc16.com\/portal\/wp-json\/wp\/v2\/posts"}],"about":[{"href":"https:\/\/tvc16.com\/portal\/wp-json\/wp\/v2\/types\/post"}],"author":[{"embeddable":true,"href":"https:\/\/tvc16.com\/portal\/wp-json\/wp\/v2\/users\/2"}],"replies":[{"embeddable":true,"href":"https:\/\/tvc16.com\/portal\/wp-json\/wp\/v2\/comments?post=98766"}],"version-history":[{"count":1,"href":"https:\/\/tvc16.com\/portal\/wp-json\/wp\/v2\/posts\/98766\/revisions"}],"predecessor-version":[{"id":98768,"href":"https:\/\/tvc16.com\/portal\/wp-json\/wp\/v2\/posts\/98766\/revisions\/98768"}],"wp:featuredmedia":[{"embeddable":true,"href":"https:\/\/tvc16.com\/portal\/wp-json\/wp\/v2\/media\/98767"}],"wp:attachment":[{"href":"https:\/\/tvc16.com\/portal\/wp-json\/wp\/v2\/media?parent=98766"}],"wp:term":[{"taxonomy":"category","embeddable":true,"href":"https:\/\/tvc16.com\/portal\/wp-json\/wp\/v2\/categories?post=98766"},{"taxonomy":"post_tag","embeddable":true,"href":"https:\/\/tvc16.com\/portal\/wp-json\/wp\/v2\/tags?post=98766"}],"curies":[{"name":"wp","href":"https:\/\/api.w.org\/{rel}","templated":true}]}}