{"id":98772,"date":"2025-02-07T08:16:52","date_gmt":"2025-02-07T11:16:52","guid":{"rendered":"https:\/\/tvc16.com\/portal\/?p=98772"},"modified":"2025-02-07T08:16:54","modified_gmt":"2025-02-07T11:16:54","slug":"cesta-basica-sobe-nas-capitais-e-custa-ao-menos-40-do-salario-minimo","status":"publish","type":"post","link":"https:\/\/tvc16.com\/portal\/2025\/02\/07\/cesta-basica-sobe-nas-capitais-e-custa-ao-menos-40-do-salario-minimo\/","title":{"rendered":"Cesta b\u00e1sica sobe nas capitais e custa ao menos 40% do sal\u00e1rio m\u00ednimo"},"content":{"rendered":"\n<p><em>Aumento \u00e9 anotado em 13 das 17 cidades pesquisadas<\/em><\/p>\n\n\n\n<p>Por Guilherme Jeronymo &#8211; Rep\u00f3rter da Ag\u00eancia Brasil \/ Foto: T\u00e2nia R\u00eago\/Ag\u00eancia Brasil<br><br><\/p>\n\n\n\n<p><em>Levantamento de pre\u00e7os de itens de consumo b\u00e1sicos nas capitais do pa\u00eds identificou aumento no custo da cesta b\u00e1sica em janeiro deste ano em 13 das 17 cidades pesquisadas.<img decoding=\"async\" src=\"https:\/\/agenciabrasil.ebc.com.br\/ebc.png?id=1629449&amp;o=node\"><\/em><\/p>\n\n\n\n<p>A maior alta foi em Salvador (6,22%), seguida por Bel\u00e9m (4,80%) e Fortaleza (3,96%). As quatro cidades onde houve redu\u00e7\u00e3o no valor global dos itens foram Porto Alegre (-1,67%), Vit\u00f3ria (-1,62%), Campo Grande (-0,79%) e Florian\u00f3polis (-0,09%). O levantamento \u2013 realizado desde 2005 &#8211; \u00e9 do Departamento Intersindical de Estat\u00edstica e Estudos Socioecon\u00f4micos (Dieese).<\/p>\n\n\n\n<p>A cesta b\u00e1sica mais cara foi cotada em S\u00e3o Paulo, onde os alimentos que a comp\u00f5em custam R$ 851,82, 60% do sal\u00e1rio m\u00ednimo oficial (R$ 1.518).<\/p>\n\n\n\n<p>Em janeiro, segundo o levantamento do Dieese, o sal\u00e1rio m\u00ednimo necess\u00e1rio para a manuten\u00e7\u00e3o de uma fam\u00edlia de quatro pessoas deveria ter sido de R$ 7.156,15.<\/p>\n\n\n\n<p>Estudo divulgado em dezembro pelo Instituto de Pesquisa Econ\u00f4mica Aplicada (Ipea) indica que a renda m\u00e9dia do trabalhador brasileiro foi de R$ 3.279,00 em outubro de 2024, dado mais atual dispon\u00edvel.<\/p>\n\n\n\n<h2 class=\"wp-block-heading\">Valores<\/h2>\n\n\n\n<p>A compara\u00e7\u00e3o, segundo o Dieese, \u00e9 poss\u00edvel &#8220;com base na cesta mais cara, que, em janeiro, foi a de S\u00e3o Paulo, e levando em considera\u00e7\u00e3o a determina\u00e7\u00e3o constitucional que estabelece que o sal\u00e1rio m\u00ednimo deve ser suficiente para suprir as despesas de um trabalhador e da fam\u00edlia dele com alimenta\u00e7\u00e3o, moradia, sa\u00fade, educa\u00e7\u00e3o, vestu\u00e1rio, higiene, transporte, lazer e previd\u00eancia&#8221;.<\/p>\n\n\n\n<p>Em janeiro de 2024, deveria ter ficado em R$ 6.723,41 ou 4,76 vezes o valor vigente. A infla\u00e7\u00e3o dos \u00faltimos 12 meses, segundo o \u00cdndice Nacional de Pre\u00e7os ao Consumidor Amplo (IPCA), foi de 4,8%, valor pr\u00f3ximo ao aumento indicado.<\/p>\n\n\n\n<p>As cidades do sul e sudeste est\u00e3o entre as mais caras cotadas. Em Florian\u00f3polis, o valor m\u00e9dio da cesta b\u00e1sica foi de R$ 808,75, no Rio de Janeiro R$ 802,88, e, em Porto Alegre, R$ 770,63.<\/p>\n\n\n\n<h2 class=\"wp-block-heading\">Custo<\/h2>\n\n\n\n<p>Curitiba, com R$&nbsp;743,69, Vit\u00f3ria com 735,31 e Belo Horizonte com R$ 717,51 completam o setor, mas foram superadas por Campo Grande (R$ 764,24), Goi\u00e2nia (R$ 756,92) e Bras\u00edlia (R$ 756,03). As capitais do Norte e Nordeste pesquisadas t\u00eam custos abaixo da metade do valor do sal\u00e1rio m\u00ednimo. Em Fortaleza a cesta b\u00e1sica custou em m\u00e9dia R$ 700,44, em Bel\u00e9m R$ 697,81, em Natal R$ 634,11, em Salvador R$ 620,23, em Jo\u00e3o Pessoa R$ 618,64, no Recife R$ 598,72 e em Aracaju R$ 571,43.<\/p>\n\n\n\n<p>A an\u00e1lise do Dieese liga o aumento da cesta b\u00e1sica ao comportamento de tr\u00eas itens principais: o caf\u00e9 em p\u00f3, que subiu em todas as cidades nos \u00faltimos 12 meses; o tomate, que aumentou em cinco cidades, mas diminuiu em outras 12 nesse per\u00edodo, mas teve aumento acima de 40% em Salvador, Belo Horizonte, Bras\u00edlia e Rio de Janeiro, por conta&nbsp;das chuvas; e o p\u00e3o franc\u00eas, que aumentou em 16 cidades pesquisadas nos \u00faltimos 12 meses, o que se atribui a uma &#8220;menor oferta de trigo nacional e necessidade maior de importa\u00e7\u00e3o, nesse cen\u00e1rio de c\u00e2mbio desvalorizado&#8221;.<\/p>\n\n\n\n<p>O reajuste poderia ter sido maior, por\u00e9m, foi contido por itens como a batata, que diminuiu em todas as capitais no \u00faltimo ano, o leite integral, que, apesar do reajuste durante o ano, teve queda em 12 cidades em dezembro, e o arroz agulhinha e o feij\u00e3o preto, que t\u00eam ca\u00eddo de pre\u00e7o nos \u00faltimos meses por conta de aumento na oferta.<\/p>\n","protected":false},"excerpt":{"rendered":"<p>Aumento \u00e9 anotado em 13 das 17 cidades pesquisadas Por Guilherme Jeronymo &#8211; Rep\u00f3rter da<\/p>\n","protected":false},"author":2,"featured_media":98773,"comment_status":"open","ping_status":"open","sticky":false,"template":"","format":"standard","meta":{"footnotes":""},"categories":[17],"tags":[],"class_list":["post-98772","post","type-post","status-publish","format-standard","has-post-thumbnail","hentry","category-outras-noticias"],"_links":{"self":[{"href":"https:\/\/tvc16.com\/portal\/wp-json\/wp\/v2\/posts\/98772","targetHints":{"allow":["GET"]}}],"collection":[{"href":"https:\/\/tvc16.com\/portal\/wp-json\/wp\/v2\/posts"}],"about":[{"href":"https:\/\/tvc16.com\/portal\/wp-json\/wp\/v2\/types\/post"}],"author":[{"embeddable":true,"href":"https:\/\/tvc16.com\/portal\/wp-json\/wp\/v2\/users\/2"}],"replies":[{"embeddable":true,"href":"https:\/\/tvc16.com\/portal\/wp-json\/wp\/v2\/comments?post=98772"}],"version-history":[{"count":1,"href":"https:\/\/tvc16.com\/portal\/wp-json\/wp\/v2\/posts\/98772\/revisions"}],"predecessor-version":[{"id":98774,"href":"https:\/\/tvc16.com\/portal\/wp-json\/wp\/v2\/posts\/98772\/revisions\/98774"}],"wp:featuredmedia":[{"embeddable":true,"href":"https:\/\/tvc16.com\/portal\/wp-json\/wp\/v2\/media\/98773"}],"wp:attachment":[{"href":"https:\/\/tvc16.com\/portal\/wp-json\/wp\/v2\/media?parent=98772"}],"wp:term":[{"taxonomy":"category","embeddable":true,"href":"https:\/\/tvc16.com\/portal\/wp-json\/wp\/v2\/categories?post=98772"},{"taxonomy":"post_tag","embeddable":true,"href":"https:\/\/tvc16.com\/portal\/wp-json\/wp\/v2\/tags?post=98772"}],"curies":[{"name":"wp","href":"https:\/\/api.w.org\/{rel}","templated":true}]}}