{"id":98775,"date":"2025-02-07T08:19:10","date_gmt":"2025-02-07T11:19:10","guid":{"rendered":"https:\/\/tvc16.com\/portal\/?p=98775"},"modified":"2025-02-07T08:19:14","modified_gmt":"2025-02-07T11:19:14","slug":"prefeitura-e-empresarios-se-reunem-para-impulsionar-projeto-adote-uma-praca-jardins-imperiais","status":"publish","type":"post","link":"https:\/\/tvc16.com\/portal\/2025\/02\/07\/prefeitura-e-empresarios-se-reunem-para-impulsionar-projeto-adote-uma-praca-jardins-imperiais\/","title":{"rendered":"Prefeitura e empres\u00e1rios se re\u00fanem para impulsionar Projeto Adote uma Pra\u00e7a Jardins Imperiais"},"content":{"rendered":"\n<p>A Prefeitura, por meio da Secretaria de Desenvolvimento Econ\u00f4mico, realizou nesta quinta-feira (06), uma reuni\u00e3o com empres\u00e1rios interessados no Programa \u201cAdote uma Pra\u00e7a &#8211; Jardins Imperiais\u201d. A reuni\u00e3o aconteceu na Secretaria de Desenvolvimento e buscou reaproximar empres\u00e1rios ao programa que revitaliza espa\u00e7os hist\u00f3ricos de Petr\u00f3polis.<\/p>\n\n\n\n<p>\u201cEsse \u00e9 um trabalho fundamental. Uma oportunidade que o nosso munic\u00edpio tem de alinhar a manuten\u00e7\u00e3o de espa\u00e7os hist\u00f3ricos com planejamentos das institui\u00e7\u00f5es privadas\u201d, disse o prefeito Hingo Hammes.<\/p>\n\n\n\n<p>O programa, regulamentado pela lei 7.658\/2018, disponibiliza a ado\u00e7\u00e3o de espa\u00e7os e bens p\u00fablicos para manuten\u00e7\u00e3o e preserva\u00e7\u00e3o. O adotante recebe um espa\u00e7o para publicidade com nome ou logomarca. \u201c\u00c9 um caminho para que possamos cuidar dos nossos espa\u00e7os p\u00fablicos e que o empres\u00e1rio possa preservar um espa\u00e7o que est\u00e1 ligado ao seu empreendimento. Um trabalho em equipe fundamental para o fortalecimento da cidade\u201d, comenta o secret\u00e1rio de Desenvolvimento Econ\u00f4mico Samir El Ghaoui.<\/p>\n\n\n\n<p>Tamb\u00e9m participaram da reuni\u00e3o representantes das secretarias de Assist\u00eancia Social, Governo, al\u00e9m do secret\u00e1rio de Servi\u00e7os Seguran\u00e7a e Ordem P\u00fablica, Marcelo Chit\u00e3o. \u201cNosso objetivo \u00e9 alinhar as responsabilidades de cada pasta para facilitar cada vez mais a manuten\u00e7\u00e3o desses espa\u00e7os\u201d, explica Chit\u00e3o.<\/p>\n","protected":false},"excerpt":{"rendered":"<p>A Prefeitura, por meio da Secretaria de Desenvolvimento Econ\u00f4mico, realizou nesta quinta-feira (06), uma reuni\u00e3o<\/p>\n","protected":false},"author":2,"featured_media":98776,"comment_status":"open","ping_status":"open","sticky":false,"template":"","format":"standard","meta":{"footnotes":""},"categories":[12],"tags":[],"class_list":["post-98775","post","type-post","status-publish","format-standard","has-post-thumbnail","hentry","category-cidade"],"_links":{"self":[{"href":"https:\/\/tvc16.com\/portal\/wp-json\/wp\/v2\/posts\/98775","targetHints":{"allow":["GET"]}}],"collection":[{"href":"https:\/\/tvc16.com\/portal\/wp-json\/wp\/v2\/posts"}],"about":[{"href":"https:\/\/tvc16.com\/portal\/wp-json\/wp\/v2\/types\/post"}],"author":[{"embeddable":true,"href":"https:\/\/tvc16.com\/portal\/wp-json\/wp\/v2\/users\/2"}],"replies":[{"embeddable":true,"href":"https:\/\/tvc16.com\/portal\/wp-json\/wp\/v2\/comments?post=98775"}],"version-history":[{"count":1,"href":"https:\/\/tvc16.com\/portal\/wp-json\/wp\/v2\/posts\/98775\/revisions"}],"predecessor-version":[{"id":98777,"href":"https:\/\/tvc16.com\/portal\/wp-json\/wp\/v2\/posts\/98775\/revisions\/98777"}],"wp:featuredmedia":[{"embeddable":true,"href":"https:\/\/tvc16.com\/portal\/wp-json\/wp\/v2\/media\/98776"}],"wp:attachment":[{"href":"https:\/\/tvc16.com\/portal\/wp-json\/wp\/v2\/media?parent=98775"}],"wp:term":[{"taxonomy":"category","embeddable":true,"href":"https:\/\/tvc16.com\/portal\/wp-json\/wp\/v2\/categories?post=98775"},{"taxonomy":"post_tag","embeddable":true,"href":"https:\/\/tvc16.com\/portal\/wp-json\/wp\/v2\/tags?post=98775"}],"curies":[{"name":"wp","href":"https:\/\/api.w.org\/{rel}","templated":true}]}}