{"id":98787,"date":"2025-02-07T09:06:05","date_gmt":"2025-02-07T12:06:05","guid":{"rendered":"https:\/\/tvc16.com\/portal\/?p=98787"},"modified":"2025-02-07T09:06:09","modified_gmt":"2025-02-07T12:06:09","slug":"dupla-e-preso-por-furto-e-receptacao-de-materiais-de-construcao-em-itaipava","status":"publish","type":"post","link":"https:\/\/tvc16.com\/portal\/2025\/02\/07\/dupla-e-preso-por-furto-e-receptacao-de-materiais-de-construcao-em-itaipava\/","title":{"rendered":"Dupla \u00e9 preso por furto e recepta\u00e7\u00e3o de materiais de constru\u00e7\u00e3o em Itaipava"},"content":{"rendered":"\n<p>Na tarde desta quinta-feira (6), dois homens foram presos por Policiais Civis da 106\u00aa Delegacia de Pol\u00edcia, em Itaipava. Um deles foi preso acusado de furto e o outro, por recepta\u00e7\u00e3o de materiais de constru\u00e7\u00e3o.<\/p>\n\n\n\n<p>Na ocasi\u00e3o, os agentes realizaram uma opera\u00e7\u00e3o que resultou na pris\u00e3o em flagrante dos dois suspeitos. A investiga\u00e7\u00e3o teve in\u00edcio ap\u00f3s uma den\u00fancia que relatava o furto de diversos materiais de constru\u00e7\u00e3o, retirados de uma loja que fica na Vale das Videiras.<\/p>\n\n\n\n<p>Ap\u00f3s o levantamento de informa\u00e7\u00f5es, os policiais conseguiram identificar o respons\u00e1vel pelo furto, que confessou o crime e revelou ter vendido os materiais para um outro homem. Em seguida, os agentes conseguiram localizar o receptador dos materiais, ainda em posse dos materiais furtados.<\/p>\n\n\n\n<p>Diante dos fatos, os acusados foram detidos e conduzidos \u00e0 106\u00aa DP, onde permaneceram \u00e0 disposi\u00e7\u00e3o da Justi\u00e7a.<\/p>\n","protected":false},"excerpt":{"rendered":"<p>Na tarde desta quinta-feira (6), dois homens foram presos por Policiais Civis da 106\u00aa Delegacia<\/p>\n","protected":false},"author":2,"featured_media":98788,"comment_status":"open","ping_status":"open","sticky":false,"template":"","format":"standard","meta":{"footnotes":""},"categories":[12],"tags":[],"class_list":["post-98787","post","type-post","status-publish","format-standard","has-post-thumbnail","hentry","category-cidade"],"_links":{"self":[{"href":"https:\/\/tvc16.com\/portal\/wp-json\/wp\/v2\/posts\/98787","targetHints":{"allow":["GET"]}}],"collection":[{"href":"https:\/\/tvc16.com\/portal\/wp-json\/wp\/v2\/posts"}],"about":[{"href":"https:\/\/tvc16.com\/portal\/wp-json\/wp\/v2\/types\/post"}],"author":[{"embeddable":true,"href":"https:\/\/tvc16.com\/portal\/wp-json\/wp\/v2\/users\/2"}],"replies":[{"embeddable":true,"href":"https:\/\/tvc16.com\/portal\/wp-json\/wp\/v2\/comments?post=98787"}],"version-history":[{"count":1,"href":"https:\/\/tvc16.com\/portal\/wp-json\/wp\/v2\/posts\/98787\/revisions"}],"predecessor-version":[{"id":98789,"href":"https:\/\/tvc16.com\/portal\/wp-json\/wp\/v2\/posts\/98787\/revisions\/98789"}],"wp:featuredmedia":[{"embeddable":true,"href":"https:\/\/tvc16.com\/portal\/wp-json\/wp\/v2\/media\/98788"}],"wp:attachment":[{"href":"https:\/\/tvc16.com\/portal\/wp-json\/wp\/v2\/media?parent=98787"}],"wp:term":[{"taxonomy":"category","embeddable":true,"href":"https:\/\/tvc16.com\/portal\/wp-json\/wp\/v2\/categories?post=98787"},{"taxonomy":"post_tag","embeddable":true,"href":"https:\/\/tvc16.com\/portal\/wp-json\/wp\/v2\/tags?post=98787"}],"curies":[{"name":"wp","href":"https:\/\/api.w.org\/{rel}","templated":true}]}}